{"id":4982,"date":"2026-03-17T18:01:40","date_gmt":"2026-03-17T17:01:40","guid":{"rendered":"https:\/\/mto-kr.pl\/wp\/?p=4982"},"modified":"2026-03-31T19:18:07","modified_gmt":"2026-03-31T17:18:07","slug":"6-wiosenny-zjazd-ornitologow-zawoja","status":"publish","type":"post","link":"https:\/\/mto-kr.pl\/en\/2026\/03\/17\/6-wiosenny-zjazd-ornitologow-zawoja\/","title":{"rendered":"VI. South-Eastern Polish Ornithologists' Spring Congress."},"content":{"rendered":"<p style=\"text-align: justify;\">Niebawem zobaczymy si\u0119 w Zawoi, w O\u015brodku Wypoczynkowym \u201eHalny\u201d, na <strong>VI. Wiosennym Zje\u017adzie Ornitolog\u00f3w Polski P\u0142d.-Wsch.<\/strong>, kt\u00f3ry odb\u0119dzie si\u0119 w dniach <strong>17-19 kwietnia 2026 r.<\/strong> Poni\u017cej znajduje si\u0119 d\u0142ugo wyczekiwany program naszego wydarzenia, a poniewa\u017c spotykamy si\u0119 pod Babi\u0105 G\u00f3r\u0105, tematyka referat\u00f3w jest zwi\u0105zana z gatunkami g\u00f3rskimi. Program jest bardzo r\u00f3\u017cnorodny, od sesji z\u0142o\u017conej z powa\u017cnych wyst\u0105pie\u0144 o charakterze naukowym, po elementy sportowo-rekreacyjne, a nawet biesiadne. Chcieliby\u015bmy zaproponowa\u0107 Pa\u0144stwu jeszcze jeden ciekawy temat w ramach naszego wiosennego spotkania &#8211; warto by\u0142oby nasze wyj\u015bcia terenowe w pi\u0105tek, sobot\u0119 i niedziel\u0119 ukierunkowa\u0107 na wyszukiwanie stanowisk (rewir\u00f3w) pluszcza (<em>Cinlus cinclus<\/em>) oraz pliszki g\u00f3rskiej (<em>Motacilla cinerea<\/em>) na odcinku potoku Skawica (ok. 18 km d\u0142ugo\u015bci; poni\u017cej mapa). Mo\u017cna skontrolowa\u0107 ca\u0142y ten odcinek przy pracy w zespo\u0142ach 2-3 os., dziel\u0105c go na mniejsze, np. 2-kilometrowe, fragmenty. Je\u017celi zbierzemy rzetelne dane, jest szansa na ich publikacj\u0119 w nr 11 naszego regionalnego \u201ePomurnika\u201d, czyli ju\u017c jesieni\u0105. Je\u017celi kto\u015b jest ch\u0119tny do udzia\u0142u w takim liczeniu, prosimy o zg\u0142aszanie si\u0119 z propozycj\u0105 kontroli jakiego\u015b odcinka. Dla ch\u0119tnych roze\u015blemy instrukcj\u0119, jak liczy\u0107 i notowa\u0107 obserwacje tych gatunk\u00f3w. Uczestnictwo w liczeniach mo\u017cna zg\u0142asza\u0107 do <strong>Stanis\u0142awa Czy\u017ca<\/strong> na adres mailowy &#8211; <a href=\"mailto:cygcyg@wp.pl\"><strong>cygcyg@wp.pl<\/strong><\/a>. Prosimy te\u017c o wykonanie dokumentacji zdj\u0119ciowej do ewentualnego wykorzystania w publikacji . Niestety b\u0119dzie nas chyba za ma\u0142o, no i czasu niewiele, aby skontrolowa\u0107 te\u017c wi\u0119ksze dop\u0142ywy Skawicy&#8230;<\/p>\n<p style=\"text-align: left;\">Zg\u0142oszenia przyjmujemy do <strong>10 kwietnia <\/strong>poprzez formularz elektroniczny dost\u0119pny pod tym linkiem: <strong><a href=\"https:\/\/docs.google.com\/forms\/d\/1ZZ3j6ZwFhBg0LgK2_WfEd5W66RA1P_szxewxMl8zanA\/edit\" target=\"_blank\" rel=\"noopener\" data-saferedirecturl=\"https:\/\/www.google.com\/url?q=https:\/\/docs.google.com\/forms\/d\/1ZZ3j6ZwFhBg0LgK2_WfEd5W66RA1P_szxewxMl8zanA\/edit&amp;source=gmail&amp;ust=1773850843890000&amp;usg=AOvVaw2E8jo-xESxJEgoYI_9czl5\">https:\/\/docs.google.com\/forms\/d\/1ZZ3j6ZwFhBg0LgK2_WfEd5W66RA1P_szxewxMl8zanA\/edit<\/a><\/strong><\/p>\n<p style=\"text-align: justify;\"><strong>Serdecznie zapraszamy do udzia\u0142u w Zje\u017adzie!<br \/>\n<\/strong>Prezes MTO &#8211; Stanis\u0142aw Czy\u017c wraz z Rad\u0105<\/p>\n<p><a href=\"https:\/\/mto-kr.pl\/wp-content\/uploads\/2026\/03\/VI-ZJAZD-MTO-ZAWOJA-2026.jpg\"><img loading=\"lazy\" decoding=\"async\" class=\"aligncenter wp-image-4985 size-full\" src=\"https:\/\/mto-kr.pl\/wp-content\/uploads\/2026\/03\/VI-ZJAZD-MTO-ZAWOJA-2026.jpg\" alt=\"\" width=\"1600\" height=\"1116\" srcset=\"https:\/\/mto-kr.pl\/wp-content\/uploads\/2026\/03\/VI-ZJAZD-MTO-ZAWOJA-2026.jpg 1600w, https:\/\/mto-kr.pl\/wp-content\/uploads\/2026\/03\/VI-ZJAZD-MTO-ZAWOJA-2026-300x209.jpg 300w, https:\/\/mto-kr.pl\/wp-content\/uploads\/2026\/03\/VI-ZJAZD-MTO-ZAWOJA-2026-1024x714.jpg 1024w, https:\/\/mto-kr.pl\/wp-content\/uploads\/2026\/03\/VI-ZJAZD-MTO-ZAWOJA-2026-768x536.jpg 768w, https:\/\/mto-kr.pl\/wp-content\/uploads\/2026\/03\/VI-ZJAZD-MTO-ZAWOJA-2026-1536x1071.jpg 1536w, https:\/\/mto-kr.pl\/wp-content\/uploads\/2026\/03\/VI-ZJAZD-MTO-ZAWOJA-2026-18x12.jpg 18w, https:\/\/mto-kr.pl\/wp-content\/uploads\/2026\/03\/VI-ZJAZD-MTO-ZAWOJA-2026-502x350.jpg 502w, https:\/\/mto-kr.pl\/wp-content\/uploads\/2026\/03\/VI-ZJAZD-MTO-ZAWOJA-2026-150x105.jpg 150w\" sizes=\"auto, (max-width: 1600px) 100vw, 1600px\" \/><\/a><\/p>\n<div id=\"attachment_4986\" style=\"width: 930px\" class=\"wp-caption aligncenter\"><a href=\"https:\/\/mto-kr.pl\/wp-content\/uploads\/2026\/03\/Skawica.jpg\"><img loading=\"lazy\" decoding=\"async\" aria-describedby=\"caption-attachment-4986\" class=\"wp-image-4986 size-large\" src=\"https:\/\/mto-kr.pl\/wp-content\/uploads\/2026\/03\/Skawica-1024x732.jpg\" alt=\"\" width=\"920\" height=\"658\" srcset=\"https:\/\/mto-kr.pl\/wp-content\/uploads\/2026\/03\/Skawica-1024x732.jpg 1024w, https:\/\/mto-kr.pl\/wp-content\/uploads\/2026\/03\/Skawica-300x215.jpg 300w, https:\/\/mto-kr.pl\/wp-content\/uploads\/2026\/03\/Skawica-768x549.jpg 768w, https:\/\/mto-kr.pl\/wp-content\/uploads\/2026\/03\/Skawica-1536x1098.jpg 1536w, https:\/\/mto-kr.pl\/wp-content\/uploads\/2026\/03\/Skawica-2048x1464.jpg 2048w, https:\/\/mto-kr.pl\/wp-content\/uploads\/2026\/03\/Skawica-18x12.jpg 18w, https:\/\/mto-kr.pl\/wp-content\/uploads\/2026\/03\/Skawica-489x350.jpg 489w, https:\/\/mto-kr.pl\/wp-content\/uploads\/2026\/03\/Skawica-150x107.jpg 150w\" sizes=\"auto, (max-width: 920px) 100vw, 920px\" \/><\/a><p id=\"caption-attachment-4986\" class=\"wp-caption-text\">Odcinek Skawicy (18 km), na kt\u00f3rym zaplanowano liczenie pluszcza i pliszki g\u00f3rskiej podczas VI. Zjazdu Wiosennego MTO.<\/p><\/div>\n<p>&nbsp;<\/p>","protected":false},"excerpt":{"rendered":"<p>Niebawem zobaczymy si\u0119 w Zawoi, w O\u015brodku Wypoczynkowym \u201eHalny\u201d, na VI. Wiosennym Zje\u017adzie Ornitolog\u00f3w Polski P\u0142d.-Wsch., kt\u00f3ry odb\u0119dzie si\u0119 w dniach 17-19 kwietnia 2026 r. Poni\u017cej znajduje si\u0119 d\u0142ugo wyczekiwany program naszego wydarzenia, a poniewa\u017c spotykamy si\u0119 pod Babi\u0105 G\u00f3r\u0105, tematyka referat\u00f3w jest zwi\u0105zana z gatunkami g\u00f3rskimi. Program jest bardzo r\u00f3\u017cnorodny, od sesji z\u0142o\u017conej z powa\u017cnych wyst\u0105pie\u0144 o charakterze naukowym, po elementy sportowo-rekreacyjne, a nawet biesiadne. Chcieliby\u015bmy zaproponowa\u0107 Pa\u0144stwu jeszcze jeden ciekawy temat w ramach naszego wiosennego spotkania &#8211; warto by\u0142oby nasze wyj\u015bcia terenowe w pi\u0105tek, sobot\u0119 i niedziel\u0119 ukierunkowa\u0107 na wyszukiwanie stanowisk (rewir\u00f3w) pluszcza (Cinlus cinclus) oraz pliszki g\u00f3rskiej\u2026 <a class=\"continue-reading-link\" href=\"https:\/\/mto-kr.pl\/en\/2026\/03\/17\/6-wiosenny-zjazd-ornitologow-zawoja\/\">Czytaj dalej&#8230;<\/a><\/p>","protected":false},"author":1,"featured_media":4988,"comment_status":"open","ping_status":"open","sticky":false,"template":"","format":"standard","meta":{"_monsterinsights_skip_tracking":false,"footnotes":""},"categories":[4,1],"tags":[],"class_list":["post-4982","post","type-post","status-publish","format-standard","has-post-thumbnail","hentry","category-aktualnosci","category-bez-kategorii"],"_links":{"self":[{"href":"https:\/\/mto-kr.pl\/en\/wp-json\/wp\/v2\/posts\/4982","targetHints":{"allow":["GET"]}}],"collection":[{"href":"https:\/\/mto-kr.pl\/en\/wp-json\/wp\/v2\/posts"}],"about":[{"href":"https:\/\/mto-kr.pl\/en\/wp-json\/wp\/v2\/types\/post"}],"author":[{"embeddable":true,"href":"https:\/\/mto-kr.pl\/en\/wp-json\/wp\/v2\/users\/1"}],"replies":[{"embeddable":true,"href":"https:\/\/mto-kr.pl\/en\/wp-json\/wp\/v2\/comments?post=4982"}],"version-history":[{"count":22,"href":"https:\/\/mto-kr.pl\/en\/wp-json\/wp\/v2\/posts\/4982\/revisions"}],"predecessor-version":[{"id":5029,"href":"https:\/\/mto-kr.pl\/en\/wp-json\/wp\/v2\/posts\/4982\/revisions\/5029"}],"wp:featuredmedia":[{"embeddable":true,"href":"https:\/\/mto-kr.pl\/en\/wp-json\/wp\/v2\/media\/4988"}],"wp:attachment":[{"href":"https:\/\/mto-kr.pl\/en\/wp-json\/wp\/v2\/media?parent=4982"}],"wp:term":[{"taxonomy":"category","embeddable":true,"href":"https:\/\/mto-kr.pl\/en\/wp-json\/wp\/v2\/categories?post=4982"},{"taxonomy":"post_tag","embeddable":true,"href":"https:\/\/mto-kr.pl\/en\/wp-json\/wp\/v2\/tags?post=4982"}],"curies":[{"name":"wp","href":"https:\/\/api.w.org\/{rel}","templated":true}]}}