{"id":501,"date":"2018-02-01T16:44:31","date_gmt":"2018-02-01T15:44:31","guid":{"rendered":"https:\/\/mto-kr.pl\/?p=501"},"modified":"2018-02-12T22:45:30","modified_gmt":"2018-02-12T21:45:30","slug":"zapraszamy-na-wiosenny-zjazd-mto","status":"publish","type":"post","link":"https:\/\/mto-kr.pl\/en\/2018\/02\/01\/zapraszamy-na-wiosenny-zjazd-mto\/","title":{"rendered":"Zapraszamy na wiosenny zjazd MTO"},"content":{"rendered":"<p style=\"text-align: justify;\"><strong><a href=\"https:\/\/mto-kr.pl\/wp-content\/uploads\/2018\/02\/Podr\u00f3\u017cniczek.jpg\"><img loading=\"lazy\" decoding=\"async\" class=\"alignleft size-medium wp-image-509\" src=\"https:\/\/mto-kr.pl\/wp-content\/uploads\/2018\/02\/Podr\u00f3\u017cniczek-300x200.jpg\" alt=\"Podr\u00f3\u017cniczek (Luscinia svecica) fot. J. Wyka\" width=\"300\" height=\"200\" srcset=\"https:\/\/mto-kr.pl\/wp-content\/uploads\/2018\/02\/Podr\u00f3\u017cniczek-300x200.jpg 300w, https:\/\/mto-kr.pl\/wp-content\/uploads\/2018\/02\/Podr\u00f3\u017cniczek-768x512.jpg 768w, https:\/\/mto-kr.pl\/wp-content\/uploads\/2018\/02\/Podr\u00f3\u017cniczek-1024x683.jpg 1024w, https:\/\/mto-kr.pl\/wp-content\/uploads\/2018\/02\/Podr\u00f3\u017cniczek-525x350.jpg 525w, https:\/\/mto-kr.pl\/wp-content\/uploads\/2018\/02\/Podr\u00f3\u017cniczek-150x100.jpg 150w, https:\/\/mto-kr.pl\/wp-content\/uploads\/2018\/02\/Podr\u00f3\u017cniczek.jpg 1200w\" sizes=\"auto, (max-width: 300px) 100vw, 300px\" \/><\/a>Ma\u0142opolskie Towarzystwo Ornitologiczne serdecznie zaprasza do uczestnictwie w wiosennym zje\u017adzie ornitolog\u00f3w, kt\u00f3ry odb\u0119dzie si\u0119 w weekend 16-18 marca w Gruszowie ko\u0142o Dobczyc. B\u0119dzie to pierwszy w historii wiosenny zjazd MTO.\u00a0<\/strong><\/p>\n<p style=\"text-align: justify;\"><strong><a href=\"https:\/\/docs.google.com\/forms\/d\/e\/1FAIpQLSfegkQbXICof4Cmq7s-bYQ22Y7zc7oZeHGCVJe0bZYIdU_cBA\/viewform?usp=sf_link\">Wype\u0142nij formularz i zg\u0142o\u015b sw\u00f3j udzia\u0142 &#8211; kliknij!<\/a><\/strong><\/p>\n<p style=\"text-align: justify;\"><em>&#8222;B\u0119dzie to zjazd roboczy, na kt\u00f3rym chcemy przedstawi\u0107 szereg referat\u00f3w metodycznych, jak r\u00f3wnie\u017c zorganizowa\u0107 wyj\u015bcia w teren. Zach\u0119camy do udzia\u0142u osoby wykonuj\u0105ce obserwacje terenowe, a\u00a0 tak\u017ce te, kt\u00f3re dotychczas jeszcze nie wprowadza\u0142y\u00a0<\/em><em>swoich obserwacji do Bazy obserwacji MTO. B\u0119dzie okazj\u0105 by nauczy\u0107 si\u0119 jak wprowadza\u0107 obserwacje do Bazy&#8221;<\/em> &#8211; zapowiada zjazd <strong>Kazimierz Walasz<\/strong>, prezes MTO.<\/p>\n<p style=\"text-align: justify;\">W\u015br\u00f3d wyk\u0142adowc\u00f3w, opr\u00f3cz dobrze znanych &#8222;ludzi MTO&#8221;, znalaz\u0142 si\u0119 m.in. przedstawiciel Komisji Faunistycznej &#8211; <strong>Jan Lontkowski<\/strong>, kt\u00f3ry opowie o rozpoznawaniu w terenie rzadkich gatunk\u00f3w ptak\u00f3w. B\u0119d\u0105 te\u017c wyk\u0142ady o prawid\u0142owym prowadzeniu inwentaryzacji s\u00f3w, czy wykrywaniu chru\u015bcieli.<\/p>\n<p style=\"text-align: justify;\">Wiosenny zjazd MTO odb\u0119dzie si\u0119 w dniach <strong>16-18 marca 2018 r. w Gruszowie ko\u0142o Dobczyc<\/strong> (woj. ma\u0142opolskie). Uczestnicy go\u015bci\u0107 b\u0119dzie gospodarstwo agroturystyczne &#8222;Pod Grusz\u0105&#8221;. Aby wzi\u0105\u0107 udzia\u0142 w zje\u017adzie nale\u017cy wype\u0142ni\u0107 <strong><a href=\"https:\/\/docs.google.com\/forms\/d\/e\/1FAIpQLSfegkQbXICof4Cmq7s-bYQ22Y7zc7oZeHGCVJe0bZYIdU_cBA\/viewform\">formularz zg\u0142oszeniowy dost\u0119pny online (kliknij!)<\/a><\/strong> i dokona\u0107 wp\u0142aty za noclegi i posi\u0142ki. Warto si\u0119 pospieszy\u0107, bo ilo\u015b\u0107 miejsc noclegowych jest ograniczona, a o rezerwacji decydowa\u0107 b\u0119dzie kolejno\u015b\u0107 zg\u0142osze\u0144. Ostateczny termin zg\u0142osze\u0144 mija <strong>5 marca<\/strong>. W przypadku wyczerpania si\u0119 wolnych miejsc noclegowych, b\u0119dzie oczywi\u015bcie mo\u017cliwo\u015b\u0107 wzi\u0119cia udzia\u0142u jedynie w warsztatach.<\/p>\n<p style=\"text-align: justify;\">Serdecznie zapraszamy!<\/p>\n<p><strong>Za\u0142\u0105czniki:<\/strong><\/p>\n<ul>\n<li><a href=\"https:\/\/mto-kr.pl\/wp-content\/uploads\/2018\/02\/Informacje-_organizacyjne_Wiosenny_Zjazd_MTO_16_18_marca-2017_Gruszow.docx\">Informacje organizacyjne<\/a><\/li>\n<li><a href=\"https:\/\/mto-kr.pl\/wp-content\/uploads\/2018\/02\/Program_wstepny_Wiosenny_Zjazd_MTO_16_18_marca-2017_Gruszow.docx\">Wst\u0119pny program zjazdu<\/a><\/li>\n<\/ul>\n<p style=\"text-align: right;\"><em>Jakub Wyka<\/em><\/p>","protected":false},"excerpt":{"rendered":"<p>Ma\u0142opolskie Towarzystwo Ornitologiczne serdecznie zaprasza do uczestnictwie w wiosennym zje\u017adzie ornitolog\u00f3w, kt\u00f3ry odb\u0119dzie si\u0119 w weekend 16-18 marca w Gruszowie ko\u0142o Dobczyc. B\u0119dzie to pierwszy w historii wiosenny zjazd MTO.\u00a0 Wype\u0142nij formularz i zg\u0142o\u015b sw\u00f3j udzia\u0142 &#8211; kliknij! &#8222;B\u0119dzie to zjazd roboczy, na kt\u00f3rym chcemy przedstawi\u0107 szereg referat\u00f3w metodycznych, jak r\u00f3wnie\u017c zorganizowa\u0107 wyj\u015bcia w teren. Zach\u0119camy do udzia\u0142u osoby wykonuj\u0105ce obserwacje terenowe, a\u00a0 tak\u017ce te, kt\u00f3re dotychczas jeszcze nie wprowadza\u0142y\u00a0swoich obserwacji do Bazy obserwacji MTO. B\u0119dzie okazj\u0105 by nauczy\u0107 si\u0119 jak wprowadza\u0107 obserwacje do Bazy&#8221; &#8211; zapowiada zjazd Kazimierz Walasz, prezes MTO. W\u015br\u00f3d wyk\u0142adowc\u00f3w, opr\u00f3cz dobrze znanych &#8222;ludzi MTO&#8221;, znalaz\u0142\u2026 <a class=\"continue-reading-link\" href=\"https:\/\/mto-kr.pl\/en\/2018\/02\/01\/zapraszamy-na-wiosenny-zjazd-mto\/\">Czytaj dalej&#8230;<\/a><\/p>","protected":false},"author":1,"featured_media":509,"comment_status":"closed","ping_status":"open","sticky":false,"template":"","format":"standard","meta":{"_monsterinsights_skip_tracking":false,"footnotes":""},"categories":[4],"tags":[],"class_list":["post-501","post","type-post","status-publish","format-standard","has-post-thumbnail","hentry","category-aktualnosci"],"_links":{"self":[{"href":"https:\/\/mto-kr.pl\/en\/wp-json\/wp\/v2\/posts\/501","targetHints":{"allow":["GET"]}}],"collection":[{"href":"https:\/\/mto-kr.pl\/en\/wp-json\/wp\/v2\/posts"}],"about":[{"href":"https:\/\/mto-kr.pl\/en\/wp-json\/wp\/v2\/types\/post"}],"author":[{"embeddable":true,"href":"https:\/\/mto-kr.pl\/en\/wp-json\/wp\/v2\/users\/1"}],"replies":[{"embeddable":true,"href":"https:\/\/mto-kr.pl\/en\/wp-json\/wp\/v2\/comments?post=501"}],"version-history":[{"count":14,"href":"https:\/\/mto-kr.pl\/en\/wp-json\/wp\/v2\/posts\/501\/revisions"}],"predecessor-version":[{"id":582,"href":"https:\/\/mto-kr.pl\/en\/wp-json\/wp\/v2\/posts\/501\/revisions\/582"}],"wp:featuredmedia":[{"embeddable":true,"href":"https:\/\/mto-kr.pl\/en\/wp-json\/wp\/v2\/media\/509"}],"wp:attachment":[{"href":"https:\/\/mto-kr.pl\/en\/wp-json\/wp\/v2\/media?parent=501"}],"wp:term":[{"taxonomy":"category","embeddable":true,"href":"https:\/\/mto-kr.pl\/en\/wp-json\/wp\/v2\/categories?post=501"},{"taxonomy":"post_tag","embeddable":true,"href":"https:\/\/mto-kr.pl\/en\/wp-json\/wp\/v2\/tags?post=501"}],"curies":[{"name":"wp","href":"https:\/\/api.w.org\/{rel}","templated":true}]}}