{"id":5186,"date":"2026-08-03T10:03:52","date_gmt":"2026-08-03T08:03:52","guid":{"rendered":"https:\/\/mto-kr.pl\/?p=5186"},"modified":"2026-08-03T10:14:34","modified_gmt":"2026-08-03T08:14:34","slug":"nasz-pomurnik-na-banknocie-euro","status":"publish","type":"post","link":"https:\/\/mto-kr.pl\/en\/2026\/08\/03\/nasz-pomurnik-na-banknocie-euro\/","title":{"rendered":"\u201eNasz\u201d POMURNIK na banknocie Euro?"},"content":{"rendered":"<p style=\"font-weight: 400;\">Europejski Bank Centralny (ECB) zamierza wprowadzi\u0107 zmiany w wygl\u0105dzie banknot\u00f3w euro i ka\u017cdy mo\u017ce wzi\u0105\u0107 udzia\u0142 w tym procesie. Rywalizuj\u0105 dwie opcje: \u201eKultura europejska\u201d (jest tu element polski: M. Curie-Sk\u0142odowska) oraz \u201eRzeki i ptaki\u201d (tutaj element\u00f3w ojczystych znacznie wi\u0119cej). Ptasi \u015bwiat reprezentuj\u0105: g\u0142uptak (200 euro), szablodzi\u00f3b (100 euro), bocian bia\u0142y (50 euro), \u017co\u0142na (20 euro), zimorodek (10 euro) no i \u201enasz\u201d regionalny <em>mentel\u00a0<\/em>czyli\u00a0<strong>pomurnik\u00a0<\/strong>(5 euro). Rozstrzygni\u0119cie ma nast\u0105pi\u0107 pod koniec roku, a europejczycy mog\u0105 wyrazi\u0107 swoj\u0105 opini\u0119 i dokona\u0107 wyboru do <strong>21.09.2026<\/strong> wype\u0142niaj\u0105c ankiet\u0119 (dost\u0119pna w j\u0119zyku polskim)\u00a0na tej stronie:<strong>\u00a0<a href=\"https:\/\/surveys.ecb.europa.eu\/10b\/banknotes\/share\/\" target=\"_blank\" rel=\"noopener\" data-saferedirecturl=\"https:\/\/www.google.com\/url?q=https:\/\/surveys.ecb.europa.eu\/10b\/banknotes\/share\/&amp;source=gmail&amp;ust=1785825033569000&amp;usg=AOvVaw1FAndB0PH4FpaxqXO6C-wC\">https:\/\/surveys.ecb.europa.eu\/10b\/banknotes\/share\/<\/a><\/strong><\/p>\n<p style=\"font-weight: 400;\"><em>&#8222;Rzeki i ptaki nie uznaj\u0105 \u017cadnych granic, a co za tym idzie \u2013 symbolizuj\u0105 wolno\u015b\u0107 i jedno\u015b\u0107 Europejczyk\u00f3w oraz nasz zwi\u0105zek z przyrod\u0105&#8221; &#8211; <\/em>w pe\u0142ni si\u0119 z tym stwierdzeniem zapisanym na stronie ECB zgadzamy i dlatego zach\u0119camy wszystkich naszych cz\u0142onk\u00f3w i sympatyk\u00f3w do wype\u0142nienia ankiety i oddania swojego g\u0142osu!<\/p>\n<p><a href=\"https:\/\/mto-kr.pl\/wp-content\/uploads\/2026\/08\/banknote-design-proposal-h-5-front.jpg\"><img loading=\"lazy\" decoding=\"async\" class=\"aligncenter wp-image-5187 size-large\" src=\"https:\/\/mto-kr.pl\/wp-content\/uploads\/2026\/08\/banknote-design-proposal-h-5-front-1024x529.jpg\" alt=\"\" width=\"920\" height=\"475\" srcset=\"https:\/\/mto-kr.pl\/wp-content\/uploads\/2026\/08\/banknote-design-proposal-h-5-front-1024x529.jpg 1024w, https:\/\/mto-kr.pl\/wp-content\/uploads\/2026\/08\/banknote-design-proposal-h-5-front-300x155.jpg 300w, https:\/\/mto-kr.pl\/wp-content\/uploads\/2026\/08\/banknote-design-proposal-h-5-front-768x397.jpg 768w, https:\/\/mto-kr.pl\/wp-content\/uploads\/2026\/08\/banknote-design-proposal-h-5-front-18x9.jpg 18w, https:\/\/mto-kr.pl\/wp-content\/uploads\/2026\/08\/banknote-design-proposal-h-5-front-677x350.jpg 677w, https:\/\/mto-kr.pl\/wp-content\/uploads\/2026\/08\/banknote-design-proposal-h-5-front-150x78.jpg 150w, https:\/\/mto-kr.pl\/wp-content\/uploads\/2026\/08\/banknote-design-proposal-h-5-front.jpg 1418w\" sizes=\"auto, (max-width: 920px) 100vw, 920px\" \/><\/a><\/p>","protected":false},"excerpt":{"rendered":"<p>Europejski Bank Centralny (ECB) zamierza wprowadzi\u0107 zmiany w wygl\u0105dzie banknot\u00f3w euro i ka\u017cdy mo\u017ce wzi\u0105\u0107 udzia\u0142 w tym procesie. Rywalizuj\u0105 dwie opcje: \u201eKultura europejska\u201d (jest tu element polski: M. Curie-Sk\u0142odowska) oraz \u201eRzeki i ptaki\u201d (tutaj element\u00f3w ojczystych znacznie wi\u0119cej). Ptasi \u015bwiat reprezentuj\u0105: g\u0142uptak (200 euro), szablodzi\u00f3b (100 euro), bocian bia\u0142y (50 euro), \u017co\u0142na (20 euro), zimorodek (10 euro) no i \u201enasz\u201d regionalny mentel\u00a0czyli\u00a0pomurnik\u00a0(5 euro). Rozstrzygni\u0119cie ma nast\u0105pi\u0107 pod koniec roku, a europejczycy mog\u0105 wyrazi\u0107 swoj\u0105 opini\u0119 i dokona\u0107 wyboru do 21.09.2026 wype\u0142niaj\u0105c ankiet\u0119 (dost\u0119pna w j\u0119zyku polskim)\u00a0na tej stronie:\u00a0https:\/\/surveys.ecb.europa.eu\/10b\/banknotes\/share\/ &#8222;Rzeki i ptaki nie uznaj\u0105 \u017cadnych granic, a co za tym\u2026 <a class=\"continue-reading-link\" href=\"https:\/\/mto-kr.pl\/en\/2026\/08\/03\/nasz-pomurnik-na-banknocie-euro\/\">Czytaj dalej&#8230;<\/a><\/p>","protected":false},"author":1,"featured_media":5187,"comment_status":"open","ping_status":"open","sticky":false,"template":"","format":"standard","meta":{"_monsterinsights_skip_tracking":false,"footnotes":""},"categories":[4],"tags":[],"class_list":["post-5186","post","type-post","status-publish","format-standard","has-post-thumbnail","hentry","category-aktualnosci"],"_links":{"self":[{"href":"https:\/\/mto-kr.pl\/en\/wp-json\/wp\/v2\/posts\/5186","targetHints":{"allow":["GET"]}}],"collection":[{"href":"https:\/\/mto-kr.pl\/en\/wp-json\/wp\/v2\/posts"}],"about":[{"href":"https:\/\/mto-kr.pl\/en\/wp-json\/wp\/v2\/types\/post"}],"author":[{"embeddable":true,"href":"https:\/\/mto-kr.pl\/en\/wp-json\/wp\/v2\/users\/1"}],"replies":[{"embeddable":true,"href":"https:\/\/mto-kr.pl\/en\/wp-json\/wp\/v2\/comments?post=5186"}],"version-history":[{"count":4,"href":"https:\/\/mto-kr.pl\/en\/wp-json\/wp\/v2\/posts\/5186\/revisions"}],"predecessor-version":[{"id":5192,"href":"https:\/\/mto-kr.pl\/en\/wp-json\/wp\/v2\/posts\/5186\/revisions\/5192"}],"wp:featuredmedia":[{"embeddable":true,"href":"https:\/\/mto-kr.pl\/en\/wp-json\/wp\/v2\/media\/5187"}],"wp:attachment":[{"href":"https:\/\/mto-kr.pl\/en\/wp-json\/wp\/v2\/media?parent=5186"}],"wp:term":[{"taxonomy":"category","embeddable":true,"href":"https:\/\/mto-kr.pl\/en\/wp-json\/wp\/v2\/categories?post=5186"},{"taxonomy":"post_tag","embeddable":true,"href":"https:\/\/mto-kr.pl\/en\/wp-json\/wp\/v2\/tags?post=5186"}],"curies":[{"name":"wp","href":"https:\/\/api.w.org\/{rel}","templated":true}]}}