{"id":5196,"date":"2026-08-07T23:06:57","date_gmt":"2026-08-07T21:06:57","guid":{"rendered":"https:\/\/mto-kr.pl\/?p=5196"},"modified":"2026-08-07T23:06:57","modified_gmt":"2026-08-07T21:06:57","slug":"zapraszamy-na-wystawe-fotografii-marka-kluby","status":"publish","type":"post","link":"https:\/\/mto-kr.pl\/en\/2026\/08\/07\/zapraszamy-na-wystawe-fotografii-marka-kluby\/","title":{"rendered":"Zapraszamy na wystaw\u0119 fotografii Marka Kluby"},"content":{"rendered":"<p>Surowe, ale niezwykle pi\u0119kne krajobrazy p\u00f3\u0142nocnoameryka\u0144skich pusty\u0144, gigantyczne <em>saguaro <\/em>i zagadkowe <em>drzewa Jesuego<\/em>, kaniuki p\u00f3\u0142nocnoameryka\u0144skie i niezbyt urokliwe urubu to tylko niewielka zapowied\u017a tego, co zobaczy\u0107 b\u0119dzie mo\u017cna na wystawie fotograficznej <strong>MARKA KLUBY<\/strong>.<\/p>\n<p>Zdj\u0119cia b\u0119dzie mo\u017cna ogl\u0105da\u0107 w Krakowskim Forum Kultury Sala MIKO ul. Miko\u0142ajska 2 w Krakowie od 14.09 do 02.10.2026\u00a0 (od poniedzia\u0142ku do pi\u0105tku) w godzinach 10-17. Wst\u0119p wolny!<\/p>\n<p>Marek Kluba od 12 lat pasjonuje si\u0119 fotografi\u0105 natury, na sta\u0142e mieszka w Stanach Zjednoczonych i jest sympatykiem Ma\u0142opolskiego Towarzystwa Ornitologicznego.<\/p>\n<p><strong>Zapraszamy na wystaw\u0119!<\/strong><\/p>\n<p><a href=\"https:\/\/mto-kr.pl\/wp-content\/uploads\/2026\/08\/KFK2026_A3_MIKO_IkonyPustyni_Kluba_PP-scaled.jpg\"><img loading=\"lazy\" decoding=\"async\" class=\"aligncenter wp-image-5197 size-large\" src=\"https:\/\/mto-kr.pl\/wp-content\/uploads\/2026\/08\/KFK2026_A3_MIKO_IkonyPustyni_Kluba_PP-734x1024.jpg\" alt=\"\" width=\"734\" height=\"1024\" srcset=\"https:\/\/mto-kr.pl\/wp-content\/uploads\/2026\/08\/KFK2026_A3_MIKO_IkonyPustyni_Kluba_PP-734x1024.jpg 734w, https:\/\/mto-kr.pl\/wp-content\/uploads\/2026\/08\/KFK2026_A3_MIKO_IkonyPustyni_Kluba_PP-215x300.jpg 215w, https:\/\/mto-kr.pl\/wp-content\/uploads\/2026\/08\/KFK2026_A3_MIKO_IkonyPustyni_Kluba_PP-768x1071.jpg 768w, https:\/\/mto-kr.pl\/wp-content\/uploads\/2026\/08\/KFK2026_A3_MIKO_IkonyPustyni_Kluba_PP-1102x1536.jpg 1102w, https:\/\/mto-kr.pl\/wp-content\/uploads\/2026\/08\/KFK2026_A3_MIKO_IkonyPustyni_Kluba_PP-1469x2048.jpg 1469w, https:\/\/mto-kr.pl\/wp-content\/uploads\/2026\/08\/KFK2026_A3_MIKO_IkonyPustyni_Kluba_PP-9x12.jpg 9w, https:\/\/mto-kr.pl\/wp-content\/uploads\/2026\/08\/KFK2026_A3_MIKO_IkonyPustyni_Kluba_PP-251x350.jpg 251w, https:\/\/mto-kr.pl\/wp-content\/uploads\/2026\/08\/KFK2026_A3_MIKO_IkonyPustyni_Kluba_PP-108x150.jpg 108w, https:\/\/mto-kr.pl\/wp-content\/uploads\/2026\/08\/KFK2026_A3_MIKO_IkonyPustyni_Kluba_PP-scaled.jpg 1836w\" sizes=\"auto, (max-width: 734px) 100vw, 734px\" \/><\/a><\/p>","protected":false},"excerpt":{"rendered":"<p>Surowe, ale niezwykle pi\u0119kne krajobrazy p\u00f3\u0142nocnoameryka\u0144skich pusty\u0144, gigantyczne saguaro i zagadkowe drzewa Jesuego, kaniuki p\u00f3\u0142nocnoameryka\u0144skie i niezbyt urokliwe urubu to tylko niewielka zapowied\u017a tego, co zobaczy\u0107 b\u0119dzie mo\u017cna na wystawie fotograficznej MARKA KLUBY. Zdj\u0119cia b\u0119dzie mo\u017cna ogl\u0105da\u0107 w Krakowskim Forum Kultury Sala MIKO ul. Miko\u0142ajska 2 w Krakowie od 14.09 do 02.10.2026\u00a0 (od poniedzia\u0142ku do pi\u0105tku) w godzinach 10-17. Wst\u0119p wolny! Marek Kluba od 12 lat pasjonuje si\u0119 fotografi\u0105 natury, na sta\u0142e mieszka w Stanach Zjednoczonych i jest sympatykiem Ma\u0142opolskiego Towarzystwa Ornitologicznego. Zapraszamy na wystaw\u0119! <a class=\"continue-reading-link\" href=\"https:\/\/mto-kr.pl\/en\/2026\/08\/07\/zapraszamy-na-wystawe-fotografii-marka-kluby\/\">Czytaj dalej&#8230;<\/a><\/p>","protected":false},"author":1,"featured_media":5198,"comment_status":"open","ping_status":"open","sticky":false,"template":"","format":"standard","meta":{"_monsterinsights_skip_tracking":false,"footnotes":""},"categories":[4],"tags":[],"class_list":["post-5196","post","type-post","status-publish","format-standard","has-post-thumbnail","hentry","category-aktualnosci"],"_links":{"self":[{"href":"https:\/\/mto-kr.pl\/en\/wp-json\/wp\/v2\/posts\/5196","targetHints":{"allow":["GET"]}}],"collection":[{"href":"https:\/\/mto-kr.pl\/en\/wp-json\/wp\/v2\/posts"}],"about":[{"href":"https:\/\/mto-kr.pl\/en\/wp-json\/wp\/v2\/types\/post"}],"author":[{"embeddable":true,"href":"https:\/\/mto-kr.pl\/en\/wp-json\/wp\/v2\/users\/1"}],"replies":[{"embeddable":true,"href":"https:\/\/mto-kr.pl\/en\/wp-json\/wp\/v2\/comments?post=5196"}],"version-history":[{"count":1,"href":"https:\/\/mto-kr.pl\/en\/wp-json\/wp\/v2\/posts\/5196\/revisions"}],"predecessor-version":[{"id":5199,"href":"https:\/\/mto-kr.pl\/en\/wp-json\/wp\/v2\/posts\/5196\/revisions\/5199"}],"wp:featuredmedia":[{"embeddable":true,"href":"https:\/\/mto-kr.pl\/en\/wp-json\/wp\/v2\/media\/5198"}],"wp:attachment":[{"href":"https:\/\/mto-kr.pl\/en\/wp-json\/wp\/v2\/media?parent=5196"}],"wp:term":[{"taxonomy":"category","embeddable":true,"href":"https:\/\/mto-kr.pl\/en\/wp-json\/wp\/v2\/categories?post=5196"},{"taxonomy":"post_tag","embeddable":true,"href":"https:\/\/mto-kr.pl\/en\/wp-json\/wp\/v2\/tags?post=5196"}],"curies":[{"name":"wp","href":"https:\/\/api.w.org\/{rel}","templated":true}]}}