{"id":523,"date":"2018-02-02T12:18:49","date_gmt":"2018-02-02T11:18:49","guid":{"rendered":"https:\/\/mto-kr.pl\/?p=523"},"modified":"2018-02-02T22:12:08","modified_gmt":"2018-02-02T21:12:08","slug":"wycieczka-na-osadniki-w-pleszowie-i-doline-wisly","status":"publish","type":"post","link":"https:\/\/mto-kr.pl\/en\/2018\/02\/02\/wycieczka-na-osadniki-w-pleszowie-i-doline-wisly\/","title":{"rendered":"Wycieczka na osadniki w Pleszowie i dolin\u0119 Wis\u0142y"},"content":{"rendered":"<p style=\"text-align: justify;\"><strong><a href=\"https:\/\/mto-kr.pl\/wp-content\/uploads\/2018\/02\/bielik.jpg\"><img loading=\"lazy\" decoding=\"async\" class=\"alignleft wp-image-524 size-medium\" src=\"https:\/\/mto-kr.pl\/wp-content\/uploads\/2018\/02\/bielik-300x200.jpg\" alt=\"Bielik (Haliaeetus albicilla) fot. J.Wyka\" width=\"300\" height=\"200\" srcset=\"https:\/\/mto-kr.pl\/wp-content\/uploads\/2018\/02\/bielik-300x200.jpg 300w, https:\/\/mto-kr.pl\/wp-content\/uploads\/2018\/02\/bielik-768x512.jpg 768w, https:\/\/mto-kr.pl\/wp-content\/uploads\/2018\/02\/bielik-525x350.jpg 525w, https:\/\/mto-kr.pl\/wp-content\/uploads\/2018\/02\/bielik-150x100.jpg 150w, https:\/\/mto-kr.pl\/wp-content\/uploads\/2018\/02\/bielik.jpg 1000w\" sizes=\"auto, (max-width: 300px) 100vw, 300px\" \/><\/a>Ma\u0142opolskie Towarzystwo Ornitologiczne\u00a0zaprasza\u00a0na wycieczk\u0119 ornitologiczn\u0105\u00a0na osadniki w Krakowie &#8211; Pleszowie i dolin\u0119 Wis\u0142y. Wycieczka ju\u017c w najbli\u017csz\u0105 sobot\u0119 3 lutego.<\/strong><\/p>\n<p style=\"text-align: justify;\"><strong>3 lutego<\/strong> (sobota)\u00a0spotykamy si\u0119 o<strong>\u00a0godz. 8:00\u00a0<\/strong>przy barze &#8222;Meksyk&#8221; (Krak\u00f3w, <strong>ul. Igo\u0142omska 1a<\/strong>). Nast\u0119pnie udamy si\u0119 na osadniki w Pleszowie oraz na odcinek rzeki Wis\u0142y. B\u0119dzie szansa na obserwowanie ptak\u00f3w wodnych, ptak\u00f3w drapie\u017cnych i\u00a0tzw. &#8222;drobnicy&#8221;, czyli niewielkich ptak\u00f3w.\u00a0W tym ciekawym miejscu liczymy\u00a0obserwacje bielik\u00f3w (na zdj\u0119ciu), naszych najwi\u0119kszych ptasich drapie\u017cnik\u00f3w.<\/p>\n<p style=\"text-align: justify;\">Wycieczk\u0119 poprowadzi <strong>Tomasz Wilk<\/strong> (tel. 510\u00a0572 914). Warto zabra\u0107 ze sob\u0105 lornetk\u0119 i kieszonkowy atlas ptak\u00f3w. Ubi\u00f3r koniecznie trzeba dostosowa\u0107 do warunk\u00f3w pogodowych (pami\u0119tajmy, \u017ce mamy zim\u0119!). Dobrze mie\u0107 te\u017c termos z gor\u0105cym napojem, wycieczka potrwa oko\u0142o 3-4 godzin.<\/p>\n<p style=\"font-weight: 400; text-align: justify;\">Serdecznie zapraszamy!<\/p>\n<p style=\"text-align: right;\"><em>JT, JW<\/em><\/p>","protected":false},"excerpt":{"rendered":"<p>Ma\u0142opolskie Towarzystwo Ornitologiczne\u00a0zaprasza\u00a0na wycieczk\u0119 ornitologiczn\u0105\u00a0na osadniki w Krakowie &#8211; Pleszowie i dolin\u0119 Wis\u0142y. Wycieczka ju\u017c w najbli\u017csz\u0105 sobot\u0119 3 lutego. 3 lutego (sobota)\u00a0spotykamy si\u0119 o\u00a0godz. 8:00\u00a0przy barze &#8222;Meksyk&#8221; (Krak\u00f3w, ul. Igo\u0142omska 1a). Nast\u0119pnie udamy si\u0119 na osadniki w Pleszowie oraz na odcinek rzeki Wis\u0142y. B\u0119dzie szansa na obserwowanie ptak\u00f3w wodnych, ptak\u00f3w drapie\u017cnych i\u00a0tzw. &#8222;drobnicy&#8221;, czyli niewielkich ptak\u00f3w.\u00a0W tym ciekawym miejscu liczymy\u00a0obserwacje bielik\u00f3w (na zdj\u0119ciu), naszych najwi\u0119kszych ptasich drapie\u017cnik\u00f3w. Wycieczk\u0119 poprowadzi Tomasz Wilk (tel. 510\u00a0572 914). Warto zabra\u0107 ze sob\u0105 lornetk\u0119 i kieszonkowy atlas ptak\u00f3w. Ubi\u00f3r koniecznie trzeba dostosowa\u0107 do warunk\u00f3w pogodowych (pami\u0119tajmy, \u017ce mamy zim\u0119!). Dobrze mie\u0107 te\u017c termos z\u2026 <a class=\"continue-reading-link\" href=\"https:\/\/mto-kr.pl\/en\/2018\/02\/02\/wycieczka-na-osadniki-w-pleszowie-i-doline-wisly\/\">Czytaj dalej&#8230;<\/a><\/p>","protected":false},"author":1,"featured_media":524,"comment_status":"closed","ping_status":"open","sticky":false,"template":"","format":"standard","meta":{"_monsterinsights_skip_tracking":false,"footnotes":""},"categories":[4],"tags":[],"class_list":["post-523","post","type-post","status-publish","format-standard","has-post-thumbnail","hentry","category-aktualnosci"],"_links":{"self":[{"href":"https:\/\/mto-kr.pl\/en\/wp-json\/wp\/v2\/posts\/523","targetHints":{"allow":["GET"]}}],"collection":[{"href":"https:\/\/mto-kr.pl\/en\/wp-json\/wp\/v2\/posts"}],"about":[{"href":"https:\/\/mto-kr.pl\/en\/wp-json\/wp\/v2\/types\/post"}],"author":[{"embeddable":true,"href":"https:\/\/mto-kr.pl\/en\/wp-json\/wp\/v2\/users\/1"}],"replies":[{"embeddable":true,"href":"https:\/\/mto-kr.pl\/en\/wp-json\/wp\/v2\/comments?post=523"}],"version-history":[{"count":2,"href":"https:\/\/mto-kr.pl\/en\/wp-json\/wp\/v2\/posts\/523\/revisions"}],"predecessor-version":[{"id":526,"href":"https:\/\/mto-kr.pl\/en\/wp-json\/wp\/v2\/posts\/523\/revisions\/526"}],"wp:featuredmedia":[{"embeddable":true,"href":"https:\/\/mto-kr.pl\/en\/wp-json\/wp\/v2\/media\/524"}],"wp:attachment":[{"href":"https:\/\/mto-kr.pl\/en\/wp-json\/wp\/v2\/media?parent=523"}],"wp:term":[{"taxonomy":"category","embeddable":true,"href":"https:\/\/mto-kr.pl\/en\/wp-json\/wp\/v2\/categories?post=523"},{"taxonomy":"post_tag","embeddable":true,"href":"https:\/\/mto-kr.pl\/en\/wp-json\/wp\/v2\/tags?post=523"}],"curies":[{"name":"wp","href":"https:\/\/api.w.org\/{rel}","templated":true}]}}