{"id":528,"date":"2018-02-04T18:37:40","date_gmt":"2018-02-04T17:37:40","guid":{"rendered":"https:\/\/mto-kr.pl\/?p=528"},"modified":"2018-02-05T23:10:56","modified_gmt":"2018-02-05T22:10:56","slug":"odwiedzili-osadniki-w-pleszowie","status":"publish","type":"post","link":"https:\/\/mto-kr.pl\/en\/2018\/02\/04\/odwiedzili-osadniki-w-pleszowie\/","title":{"rendered":"Odwiedzili osadniki w Pleszowie"},"content":{"rendered":"<p style=\"text-align: justify;\"><strong><a href=\"https:\/\/mto-kr.pl\/wp-content\/uploads\/2018\/02\/Z-20180203_002_WilkT.jpg\"><img loading=\"lazy\" decoding=\"async\" class=\"alignleft size-medium wp-image-529\" src=\"https:\/\/mto-kr.pl\/wp-content\/uploads\/2018\/02\/Z-20180203_002_WilkT-300x200.jpg\" alt=\"Uczestnicy wycieczki na osadniki w P\u0142aszowie (fot. T.Wilk)\" width=\"300\" height=\"200\" srcset=\"https:\/\/mto-kr.pl\/wp-content\/uploads\/2018\/02\/Z-20180203_002_WilkT-300x200.jpg 300w, https:\/\/mto-kr.pl\/wp-content\/uploads\/2018\/02\/Z-20180203_002_WilkT-768x512.jpg 768w, https:\/\/mto-kr.pl\/wp-content\/uploads\/2018\/02\/Z-20180203_002_WilkT-1024x683.jpg 1024w, https:\/\/mto-kr.pl\/wp-content\/uploads\/2018\/02\/Z-20180203_002_WilkT-525x350.jpg 525w, https:\/\/mto-kr.pl\/wp-content\/uploads\/2018\/02\/Z-20180203_002_WilkT-150x100.jpg 150w, https:\/\/mto-kr.pl\/wp-content\/uploads\/2018\/02\/Z-20180203_002_WilkT.jpg 1200w\" sizes=\"auto, (max-width: 300px) 100vw, 300px\" \/><\/a>W minion\u0105 sobot\u0119 odby\u0142 si\u0119 kolejny spacer ornitologiczny prowadzony przez Ma\u0142opolskie Towarzystwo Ornitologiczne. W wycieczce nad osadniki w Pleszowie i okoliczny fragment Wis\u0142y wzi\u0119\u0142o udzia\u0142 12 os\u00f3b.<\/strong><\/p>\n<p style=\"text-align: justify;\">Uczestnicy prowadzonej przez Tomasza Wilka kilkugodzinnej wycieczki\u00a0 po dzikich terenach Krakowa mieli okazj\u0119 spotka\u0107 \u0142\u0105cznie 18 gatunk\u00f3w ptak\u00f3w. Do najciekawszych nale\u017ca\u0142y:<\/p>\n<ul>\n<li>krakwa &#8211; 2 os.<\/li>\n<li>czapla bia\u0142a &#8211; 2 os.<\/li>\n<li>czeczotka &#8211; 25 os.<\/li>\n<\/ul>\n<p style=\"text-align: justify;\">Serdecznie zapraszamy na kolejne spacery!<\/p>\n<p style=\"text-align: right;\"><em>JW<\/em><\/p>","protected":false},"excerpt":{"rendered":"<p>W minion\u0105 sobot\u0119 odby\u0142 si\u0119 kolejny spacer ornitologiczny prowadzony przez Ma\u0142opolskie Towarzystwo Ornitologiczne. W wycieczce nad osadniki w Pleszowie i okoliczny fragment Wis\u0142y wzi\u0119\u0142o udzia\u0142 12 os\u00f3b. Uczestnicy prowadzonej przez Tomasza Wilka kilkugodzinnej wycieczki\u00a0 po dzikich terenach Krakowa mieli okazj\u0119 spotka\u0107 \u0142\u0105cznie 18 gatunk\u00f3w ptak\u00f3w. Do najciekawszych nale\u017ca\u0142y: krakwa &#8211; 2 os. czapla bia\u0142a &#8211; 2 os. czeczotka &#8211; 25 os. Serdecznie zapraszamy na kolejne spacery! JW <a class=\"continue-reading-link\" href=\"https:\/\/mto-kr.pl\/en\/2018\/02\/04\/odwiedzili-osadniki-w-pleszowie\/\">Czytaj dalej&#8230;<\/a><\/p>","protected":false},"author":1,"featured_media":529,"comment_status":"closed","ping_status":"open","sticky":false,"template":"","format":"standard","meta":{"_monsterinsights_skip_tracking":false,"footnotes":""},"categories":[4],"tags":[],"class_list":["post-528","post","type-post","status-publish","format-standard","has-post-thumbnail","hentry","category-aktualnosci"],"_links":{"self":[{"href":"https:\/\/mto-kr.pl\/en\/wp-json\/wp\/v2\/posts\/528","targetHints":{"allow":["GET"]}}],"collection":[{"href":"https:\/\/mto-kr.pl\/en\/wp-json\/wp\/v2\/posts"}],"about":[{"href":"https:\/\/mto-kr.pl\/en\/wp-json\/wp\/v2\/types\/post"}],"author":[{"embeddable":true,"href":"https:\/\/mto-kr.pl\/en\/wp-json\/wp\/v2\/users\/1"}],"replies":[{"embeddable":true,"href":"https:\/\/mto-kr.pl\/en\/wp-json\/wp\/v2\/comments?post=528"}],"version-history":[{"count":2,"href":"https:\/\/mto-kr.pl\/en\/wp-json\/wp\/v2\/posts\/528\/revisions"}],"predecessor-version":[{"id":531,"href":"https:\/\/mto-kr.pl\/en\/wp-json\/wp\/v2\/posts\/528\/revisions\/531"}],"wp:featuredmedia":[{"embeddable":true,"href":"https:\/\/mto-kr.pl\/en\/wp-json\/wp\/v2\/media\/529"}],"wp:attachment":[{"href":"https:\/\/mto-kr.pl\/en\/wp-json\/wp\/v2\/media?parent=528"}],"wp:term":[{"taxonomy":"category","embeddable":true,"href":"https:\/\/mto-kr.pl\/en\/wp-json\/wp\/v2\/categories?post=528"},{"taxonomy":"post_tag","embeddable":true,"href":"https:\/\/mto-kr.pl\/en\/wp-json\/wp\/v2\/tags?post=528"}],"curies":[{"name":"wp","href":"https:\/\/api.w.org\/{rel}","templated":true}]}}