{"id":532,"date":"2018-02-08T19:34:41","date_gmt":"2018-02-08T18:34:41","guid":{"rendered":"https:\/\/mto-kr.pl\/?p=532"},"modified":"2018-02-09T19:37:19","modified_gmt":"2018-02-09T18:37:19","slug":"spacer-w-dolinie-pradnika","status":"publish","type":"post","link":"https:\/\/mto-kr.pl\/en\/2018\/02\/08\/spacer-w-dolinie-pradnika\/","title":{"rendered":"Spacer po Dolinie Pr\u0105dnika"},"content":{"rendered":"<p style=\"text-align: justify;\"><strong><a href=\"https:\/\/mto-kr.pl\/wp-content\/uploads\/2018\/02\/Krzy\u017c\u00f3wka-Anas-platyrhynchos-24m.jpg\"><img loading=\"lazy\" decoding=\"async\" class=\"alignleft size-medium wp-image-534\" src=\"https:\/\/mto-kr.pl\/wp-content\/uploads\/2018\/02\/Krzy\u017c\u00f3wka-Anas-platyrhynchos-24m-300x200.jpg\" alt=\"Krzy\u017c\u00f3wka (Anas platyrhynchos) fot. J.Wyka\" width=\"300\" height=\"200\" srcset=\"https:\/\/mto-kr.pl\/wp-content\/uploads\/2018\/02\/Krzy\u017c\u00f3wka-Anas-platyrhynchos-24m-300x200.jpg 300w, https:\/\/mto-kr.pl\/wp-content\/uploads\/2018\/02\/Krzy\u017c\u00f3wka-Anas-platyrhynchos-24m-768x512.jpg 768w, https:\/\/mto-kr.pl\/wp-content\/uploads\/2018\/02\/Krzy\u017c\u00f3wka-Anas-platyrhynchos-24m-1024x683.jpg 1024w, https:\/\/mto-kr.pl\/wp-content\/uploads\/2018\/02\/Krzy\u017c\u00f3wka-Anas-platyrhynchos-24m-525x350.jpg 525w, https:\/\/mto-kr.pl\/wp-content\/uploads\/2018\/02\/Krzy\u017c\u00f3wka-Anas-platyrhynchos-24m-150x100.jpg 150w, https:\/\/mto-kr.pl\/wp-content\/uploads\/2018\/02\/Krzy\u017c\u00f3wka-Anas-platyrhynchos-24m.jpg 1200w\" sizes=\"auto, (max-width: 300px) 100vw, 300px\" \/><\/a>Zapraszamy na ostatni\u0105 zimow\u0105 wycieczk\u0119 Ma\u0142opolskiego Towarzystwa Ornitologicznego, kt\u00f3ra odb\u0119dzie si\u0119 w sobot\u0119 10 lutego. Trasa spaceru b\u0119dzie prowadzi\u0142a krakowskim odcinkiem rzeki Pr\u0105dnik.\u00a0<\/strong><\/p>\n<p style=\"text-align: justify;\">Zbi\u00f3rka o godzinie 9:00 na przystanku autobusowym \u201eClepardia\u201d (nieopodal marketu \u201eSimply\u201d) na ul. Mackiewicza w Krakowie. Spacer po Dolinie Pr\u0105dnika poprowadzi Jacek Tyblewski.<\/p>\n<p style=\"text-align: justify;\">Dolina Pr\u0105dnika jest obj\u0119ta ochron\u0105 w formie u\u017cytku ekologicznego. Regularnie odbywa si\u0119 spo\u0142eczne sprz\u0105tanie tego miejsca, w kt\u00f3re czynnie w\u0142\u0105czaj\u0105 si\u0119 cz\u0142onkowie MTO. Miejski fragment rzeki jest ch\u0119tnie odwiedzany przez krakowian, kt\u00f3rzy szukaj\u0105 tutaj ucieczki od miejskiego zgie\u0142ku.<\/p>\n<p>Na zdj\u0119ciu samiec kaczki krzy\u017c\u00f3wki <em>Anas platyrhynchos<\/em>.<\/p>\n<div class=\"attachment-info\">\n<div class=\"details\">\n<div class=\"uploaded\"><\/div>\n<div class=\"file-size\"><\/div>\n<div class=\"compat-meta\"><\/div>\n<\/div>\n<\/div>\n<p style=\"text-align: right;\"><em>tekst i foto: J.Wyka<\/em><\/p>","protected":false},"excerpt":{"rendered":"<p>Zapraszamy na ostatni\u0105 zimow\u0105 wycieczk\u0119 Ma\u0142opolskiego Towarzystwa Ornitologicznego, kt\u00f3ra odb\u0119dzie si\u0119 w sobot\u0119 10 lutego. Trasa spaceru b\u0119dzie prowadzi\u0142a krakowskim odcinkiem rzeki Pr\u0105dnik.\u00a0 Zbi\u00f3rka o godzinie 9:00 na przystanku autobusowym \u201eClepardia\u201d (nieopodal marketu \u201eSimply\u201d) na ul. Mackiewicza w Krakowie. Spacer po Dolinie Pr\u0105dnika poprowadzi Jacek Tyblewski. Dolina Pr\u0105dnika jest obj\u0119ta ochron\u0105 w formie u\u017cytku ekologicznego. Regularnie odbywa si\u0119 spo\u0142eczne sprz\u0105tanie tego miejsca, w kt\u00f3re czynnie w\u0142\u0105czaj\u0105 si\u0119 cz\u0142onkowie MTO. Miejski fragment rzeki jest ch\u0119tnie odwiedzany przez krakowian, kt\u00f3rzy szukaj\u0105 tutaj ucieczki od miejskiego zgie\u0142ku. Na zdj\u0119ciu samiec kaczki krzy\u017c\u00f3wki Anas platyrhynchos. tekst i foto: J.Wyka <a class=\"continue-reading-link\" href=\"https:\/\/mto-kr.pl\/en\/2018\/02\/08\/spacer-w-dolinie-pradnika\/\">Czytaj dalej&#8230;<\/a><\/p>","protected":false},"author":1,"featured_media":534,"comment_status":"closed","ping_status":"open","sticky":false,"template":"","format":"standard","meta":{"_monsterinsights_skip_tracking":false,"footnotes":""},"categories":[4],"tags":[],"class_list":["post-532","post","type-post","status-publish","format-standard","has-post-thumbnail","hentry","category-aktualnosci"],"_links":{"self":[{"href":"https:\/\/mto-kr.pl\/en\/wp-json\/wp\/v2\/posts\/532","targetHints":{"allow":["GET"]}}],"collection":[{"href":"https:\/\/mto-kr.pl\/en\/wp-json\/wp\/v2\/posts"}],"about":[{"href":"https:\/\/mto-kr.pl\/en\/wp-json\/wp\/v2\/types\/post"}],"author":[{"embeddable":true,"href":"https:\/\/mto-kr.pl\/en\/wp-json\/wp\/v2\/users\/1"}],"replies":[{"embeddable":true,"href":"https:\/\/mto-kr.pl\/en\/wp-json\/wp\/v2\/comments?post=532"}],"version-history":[{"count":4,"href":"https:\/\/mto-kr.pl\/en\/wp-json\/wp\/v2\/posts\/532\/revisions"}],"predecessor-version":[{"id":538,"href":"https:\/\/mto-kr.pl\/en\/wp-json\/wp\/v2\/posts\/532\/revisions\/538"}],"wp:featuredmedia":[{"embeddable":true,"href":"https:\/\/mto-kr.pl\/en\/wp-json\/wp\/v2\/media\/534"}],"wp:attachment":[{"href":"https:\/\/mto-kr.pl\/en\/wp-json\/wp\/v2\/media?parent=532"}],"wp:term":[{"taxonomy":"category","embeddable":true,"href":"https:\/\/mto-kr.pl\/en\/wp-json\/wp\/v2\/categories?post=532"},{"taxonomy":"post_tag","embeddable":true,"href":"https:\/\/mto-kr.pl\/en\/wp-json\/wp\/v2\/tags?post=532"}],"curies":[{"name":"wp","href":"https:\/\/api.w.org\/{rel}","templated":true}]}}