{"id":581,"date":"2018-02-12T22:59:17","date_gmt":"2018-02-12T21:59:17","guid":{"rendered":"https:\/\/mto-kr.pl\/?p=581"},"modified":"2018-02-12T22:59:58","modified_gmt":"2018-02-12T21:59:58","slug":"przedluzono-zapisy-na-wiosenny-zjazd-mto","status":"publish","type":"post","link":"https:\/\/mto-kr.pl\/en\/2018\/02\/12\/przedluzono-zapisy-na-wiosenny-zjazd-mto\/","title":{"rendered":"Przed\u0142u\u017cono zapisy na wiosenny zjazd MTO"},"content":{"rendered":"<p style=\"text-align: justify;\"><a href=\"https:\/\/mto-kr.pl\/wp-content\/uploads\/2018\/02\/Podr\u00f3\u017cniczek.jpg\"><img loading=\"lazy\" decoding=\"async\" class=\"alignleft size-medium wp-image-509\" src=\"https:\/\/mto-kr.pl\/wp-content\/uploads\/2018\/02\/Podr\u00f3\u017cniczek-300x200.jpg\" alt=\"Podr\u00f3\u017cniczek (Luscinia svecica) fot. J. Wyka\" width=\"300\" height=\"200\" srcset=\"https:\/\/mto-kr.pl\/wp-content\/uploads\/2018\/02\/Podr\u00f3\u017cniczek-300x200.jpg 300w, https:\/\/mto-kr.pl\/wp-content\/uploads\/2018\/02\/Podr\u00f3\u017cniczek-768x512.jpg 768w, https:\/\/mto-kr.pl\/wp-content\/uploads\/2018\/02\/Podr\u00f3\u017cniczek-1024x683.jpg 1024w, https:\/\/mto-kr.pl\/wp-content\/uploads\/2018\/02\/Podr\u00f3\u017cniczek-525x350.jpg 525w, https:\/\/mto-kr.pl\/wp-content\/uploads\/2018\/02\/Podr\u00f3\u017cniczek-150x100.jpg 150w, https:\/\/mto-kr.pl\/wp-content\/uploads\/2018\/02\/Podr\u00f3\u017cniczek.jpg 1200w\" sizes=\"auto, (max-width: 300px) 100vw, 300px\" \/><\/a><strong>Przed\u0142u\u017cony zosta\u0142 termin zapis\u00f3w na wiosenny zjazd Ma\u0142opolskiego Towarzystwa Ornitologicznego, kt\u00f3ry odb\u0119dzie si\u0119 w weekend 16-18 marca br. w Gruszowie.<\/strong><\/p>\n<p style=\"text-align: justify;\">Organizacja zjazdu przebiega sprawnie. <em>&#8222;Obecnie mamy ju\u017c zarezerwowany obiekt. Pozosta\u0142o jeszcze kilka miejsc noclegowych. O ich rezerwacji zdecyduje kolejno\u015b\u0107 wp\u0142at na noclegi. Ostateczny termin zg\u0142osze\u0144 mija 5 marca&#8221; &#8211; <\/em>informuje w wiadomo\u015bci organizacyjnej <strong>Kazimierz Walasz,<\/strong>\u00a0prezes MTO.<\/p>\n<p style=\"text-align: justify;\">Aby wzi\u0105\u0107 udzia\u0142 w zje\u017adzie nale\u017cy wype\u0142ni\u0107 <strong><a href=\"https:\/\/docs.google.com\/forms\/d\/e\/1FAIpQLSfegkQbXICof4Cmq7s-bYQ22Y7zc7oZeHGCVJe0bZYIdU_cBA\/viewform\">formularz zg\u0142oszeniowy dost\u0119pny online (kliknij)<\/a><\/strong> i dokona\u0107 wp\u0142aty za noclegi i posi\u0142ki. Numer konta MTO:\u00a0<strong>31 1050 1445 1000 0022 1647 1991.<\/strong><\/p>\n<p style=\"text-align: justify;\">B\u0119dzie to zjazd roboczy, w znacznej cz\u0119\u015bci dedykowany zwi\u0119kszeniu umiej\u0119tno\u015bci rozpoznawania rozmaitych gatunk\u00f3w ptak\u00f3w. Odb\u0119dzie si\u0119 te\u017c cz\u0119\u015b\u0107 po\u015bwi\u0119cona wprowadzaniu obserwacji do internetowej Bazy obserwacji MTO. Na niedziel\u0119 zaplanowano wycieczk\u0119. Wi\u0119cej o wiosennym zje\u017adzie Ma\u0142opolskiego Towarzystwa Ornitologicznego pisali\u015bmy ju\u017c wcze\u015bniej w artykule <a href=\"https:\/\/mto-kr.pl\/en\/2018\/02\/01\/zapraszamy-na-wiosenny-zjazd-mto\/\">Zapraszamy na wiosenny zjazd MTO<\/a>.<\/p>\n<p><strong>Zobacz tak\u017ce:<\/strong><\/p>\n<ul>\n<li><a href=\"https:\/\/docs.google.com\/forms\/d\/e\/1FAIpQLSfegkQbXICof4Cmq7s-bYQ22Y7zc7oZeHGCVJe0bZYIdU_cBA\/viewform\">Formularz zg\u0142oszeniowy<\/a><\/li>\n<li><a href=\"https:\/\/mto-kr.pl\/wp-content\/uploads\/2018\/02\/Informacje-_organizacyjne_Wiosenny_Zjazd_MTO_16_18_marca_2018_Gruszow.pdf\">Informacje organizacyjne<\/a><\/li>\n<li><a href=\"https:\/\/mto-kr.pl\/wp-content\/uploads\/2018\/02\/Program_wstepny_Wiosenny_Zjazd_MTO_16_18_marca_2018_Gruszow.pdf\">Wst\u0119pny program zjazdu<\/a><\/li>\n<\/ul>\n<p style=\"text-align: right;\"><em>Jakub Wyka<\/em><\/p>","protected":false},"excerpt":{"rendered":"<p>Przed\u0142u\u017cony zosta\u0142 termin zapis\u00f3w na wiosenny zjazd Ma\u0142opolskiego Towarzystwa Ornitologicznego, kt\u00f3ry odb\u0119dzie si\u0119 w weekend 16-18 marca br. w Gruszowie. Organizacja zjazdu przebiega sprawnie. &#8222;Obecnie mamy ju\u017c zarezerwowany obiekt. Pozosta\u0142o jeszcze kilka miejsc noclegowych. O ich rezerwacji zdecyduje kolejno\u015b\u0107 wp\u0142at na noclegi. Ostateczny termin zg\u0142osze\u0144 mija 5 marca&#8221; &#8211; informuje w wiadomo\u015bci organizacyjnej Kazimierz Walasz,\u00a0prezes MTO. Aby wzi\u0105\u0107 udzia\u0142 w zje\u017adzie nale\u017cy wype\u0142ni\u0107 formularz zg\u0142oszeniowy dost\u0119pny online (kliknij) i dokona\u0107 wp\u0142aty za noclegi i posi\u0142ki. Numer konta MTO:\u00a031 1050 1445 1000 0022 1647 1991. B\u0119dzie to zjazd roboczy, w znacznej cz\u0119\u015bci dedykowany zwi\u0119kszeniu umiej\u0119tno\u015bci rozpoznawania rozmaitych gatunk\u00f3w ptak\u00f3w. Odb\u0119dzie si\u0119\u2026 <a class=\"continue-reading-link\" href=\"https:\/\/mto-kr.pl\/en\/2018\/02\/12\/przedluzono-zapisy-na-wiosenny-zjazd-mto\/\">Czytaj dalej&#8230;<\/a><\/p>","protected":false},"author":1,"featured_media":509,"comment_status":"closed","ping_status":"open","sticky":false,"template":"","format":"standard","meta":{"_monsterinsights_skip_tracking":false,"footnotes":""},"categories":[4],"tags":[],"class_list":["post-581","post","type-post","status-publish","format-standard","has-post-thumbnail","hentry","category-aktualnosci"],"_links":{"self":[{"href":"https:\/\/mto-kr.pl\/en\/wp-json\/wp\/v2\/posts\/581","targetHints":{"allow":["GET"]}}],"collection":[{"href":"https:\/\/mto-kr.pl\/en\/wp-json\/wp\/v2\/posts"}],"about":[{"href":"https:\/\/mto-kr.pl\/en\/wp-json\/wp\/v2\/types\/post"}],"author":[{"embeddable":true,"href":"https:\/\/mto-kr.pl\/en\/wp-json\/wp\/v2\/users\/1"}],"replies":[{"embeddable":true,"href":"https:\/\/mto-kr.pl\/en\/wp-json\/wp\/v2\/comments?post=581"}],"version-history":[{"count":3,"href":"https:\/\/mto-kr.pl\/en\/wp-json\/wp\/v2\/posts\/581\/revisions"}],"predecessor-version":[{"id":587,"href":"https:\/\/mto-kr.pl\/en\/wp-json\/wp\/v2\/posts\/581\/revisions\/587"}],"wp:featuredmedia":[{"embeddable":true,"href":"https:\/\/mto-kr.pl\/en\/wp-json\/wp\/v2\/media\/509"}],"wp:attachment":[{"href":"https:\/\/mto-kr.pl\/en\/wp-json\/wp\/v2\/media?parent=581"}],"wp:term":[{"taxonomy":"category","embeddable":true,"href":"https:\/\/mto-kr.pl\/en\/wp-json\/wp\/v2\/categories?post=581"},{"taxonomy":"post_tag","embeddable":true,"href":"https:\/\/mto-kr.pl\/en\/wp-json\/wp\/v2\/tags?post=581"}],"curies":[{"name":"wp","href":"https:\/\/api.w.org\/{rel}","templated":true}]}}