{"id":592,"date":"2018-02-23T11:34:09","date_gmt":"2018-02-23T10:34:09","guid":{"rendered":"https:\/\/mto-kr.pl\/?p=592"},"modified":"2018-02-23T12:05:57","modified_gmt":"2018-02-23T11:05:57","slug":"kosmacz-atrakcja-wycieczki-po-dolnie-pradnika","status":"publish","type":"post","link":"https:\/\/mto-kr.pl\/en\/2018\/02\/23\/kosmacz-atrakcja-wycieczki-po-dolnie-pradnika\/","title":{"rendered":"&#8222;Kosmacz&#8221; atrakcj\u0105 wycieczki po Dolnie Pr\u0105dnika"},"content":{"rendered":"<p style=\"text-align: justify;\"><strong><a href=\"https:\/\/mto-kr.pl\/wp-content\/uploads\/2018\/02\/IMG_6273.jpg\"><img loading=\"lazy\" decoding=\"async\" class=\"alignleft size-medium wp-image-600\" src=\"https:\/\/mto-kr.pl\/wp-content\/uploads\/2018\/02\/IMG_6273-300x225.jpg\" alt=\"Dolina Pr\u0105dnika (fot. Jakub Dydu\u0142a)\" width=\"300\" height=\"225\" srcset=\"https:\/\/mto-kr.pl\/wp-content\/uploads\/2018\/02\/IMG_6273-300x225.jpg 300w, https:\/\/mto-kr.pl\/wp-content\/uploads\/2018\/02\/IMG_6273-768x576.jpg 768w, https:\/\/mto-kr.pl\/wp-content\/uploads\/2018\/02\/IMG_6273-1024x768.jpg 1024w, https:\/\/mto-kr.pl\/wp-content\/uploads\/2018\/02\/IMG_6273-467x350.jpg 467w, https:\/\/mto-kr.pl\/wp-content\/uploads\/2018\/02\/IMG_6273-150x113.jpg 150w, https:\/\/mto-kr.pl\/wp-content\/uploads\/2018\/02\/IMG_6273.jpg 1152w\" sizes=\"auto, (max-width: 300px) 100vw, 300px\" \/><\/a>Pogoda i warunki terenowe dopisa\u0142y. Dopisa\u0142y te\u017c przede wszystkim ptaki. 10 lutego odby\u0142a si\u0119 ostatnia w tym sezonie zimowym wycieczka z Ma\u0142opolskim Towarzystwem Ornitologicznym. Trasa wiod\u0142a krakowskim odcinkiem Doliny Pr\u0105dnika.\u00a0<\/strong><\/p>\n<p style=\"text-align: justify;\">W prowadzonej przez pana Jacka Tyblewskiego wycieczce wzi\u0119\u0142o udzia\u0142 17 os\u00f3b. Najm\u0142odszy uczestnik spaceru mia\u0142 10 lat. Mimo poka\u017anej grupy, przej\u015bcie tras\u0105 biegn\u0105c\u0105 wzd\u0142u\u017c rzeki Pr\u0105dnik przebieg\u0142o sprawnie i w mi\u0142ej atmosferze.<\/p>\n<p style=\"text-align: justify;\">Uczestnicy mogli podszkoli\u0107 si\u0119 g\u0142\u00f3wnie w obserwacjach i oznaczaniu pospolitych gatunk\u00f3w ptak\u00f3w. W\u015br\u00f3d 22 spotkanych gatunk\u00f3w byli najliczniejsi przedstawiciele awifauny miast jak bogatka, modraszka, kos, czy gatunki przez laik\u00f3w cz\u0119sto okre\u015blane jako kruki: kawka, gawron i wrona. Wycieczka dolin\u0105 rzeki zaowocowa\u0142a te\u017c spotkaniem z ptakami wodnymi &#8211; kaczkami krzy\u017c\u00f3wkami i mewami. To jednak inny gatunek by\u0142 prawdziwym &#8222;gwo\u017adziem programu&#8221;.<\/p>\n<p style=\"text-align: justify;\"><em>&#8222;Najwi\u0119ksz\u0105 atrakcj\u0105 wycieczki okaza\u0142 si\u0119\u00a0myszo\u0142\u00f3w w\u0142ochaty, kt\u00f3rego wszyscy uczestnicy dobrze widzieli, najpierw siedz\u0105cego na samotnym krzaku po\u015brodku p\u00f3l, p\u00f3\u017aniej w trakcie dw\u00f3ch przelot\u00f3w&#8221;<\/em> &#8211; opisuje spotkanie z najciekawszym gatunkiem wycieczki prowadz\u0105cy, Jacek Tyblewski.<\/p>\n<p style=\"text-align: justify;\">Myszo\u0142\u00f3w w\u0142ochaty nazywany w \u017cargonie ornitologicznym &#8222;kosmaczem&#8221; b\u0105d\u017a &#8222;w\u0142ochaczem&#8221; to ptak, kt\u00f3ry gniazduje na p\u00f3\u0142nocy Skandynawii, w rosyjskiej tajdze i dalej na wsch\u00f3d, a\u017c po Syberi\u0119. W Polsce mo\u017cemy spotka\u0107 jedynie osobniki zimuj\u0105ce. Obserwacje tych ptak\u00f3w nale\u017c\u0105 do umiarkowanie rzadkich.<\/p>\n<p style=\"text-align: justify;\">Wycieczka po u\u017cytku ekologicznym Dolina Pr\u0105dnika, z kt\u00f3rej zdj\u0119cia mo\u017cna obejrze\u0107 poni\u017cej, by\u0142a ostatni\u0105 ko\u0144cz\u0105cego si\u0119 powoli (cho\u0107 aura zdaje si\u0119 m\u00f3wi\u0107 co innego) sezonu zimowego. W najbli\u017cszym czasie zostanie opublikowany program wycieczek na wiosn\u0119, kt\u00f3rej z niecierpliwo\u015bci\u0105 dogl\u0105damy ju\u017c w przyrodzie.<\/p>\n<p style=\"text-align: justify;\">PS. W polach pojawi\u0142y si\u0119 ju\u017c pierwsze czajki!<\/p>\n<p style=\"text-align: right;\"><em>Jacek Tyblewski, Jakub Wyka<br \/>\nfotogaleria: Jakub Dydu\u0142a<\/em><\/p>\n\n\t\t<style>\n\t\t\t#gallery-1 {\n\t\t\t\tmargin: auto;\n\t\t\t}\n\t\t\t#gallery-1 .gallery-item {\n\t\t\t\tfloat: left;\n\t\t\t\tmargin-top: 10px;\n\t\t\t\ttext-align: center;\n\t\t\t\twidth: 20%;\n\t\t\t}\n\t\t\t#gallery-1 img {\n\t\t\t\tborder: 2px solid #cfcfcf;\n\t\t\t}\n\t\t\t#gallery-1 .gallery-caption {\n\t\t\t\tmargin-left: 0;\n\t\t\t}\n\t\t\t\/* see gallery_shortcode() in wp-includes\/media.php *\/\n\t\t<\/style>\n\t\t<div id='gallery-1' class='gallery galleryid-592 gallery-columns-5 gallery-size-thumbnail'><dl class='gallery-item'>\n\t\t\t<dt class='gallery-icon landscape'>\n\t\t\t\t<a href='https:\/\/mto-kr.pl\/wp-content\/uploads\/2018\/02\/IMG_6176.jpg'><img loading=\"lazy\" decoding=\"async\" width=\"150\" height=\"150\" src=\"https:\/\/mto-kr.pl\/wp-content\/uploads\/2018\/02\/IMG_6176-150x150.jpg\" class=\"attachment-thumbnail size-thumbnail\" alt=\"Gawron (fot. Jakub Dydu\u0142a)\" aria-describedby=\"gallery-1-593\" \/><\/a>\n\t\t\t<\/dt>\n\t\t\t\t<dd class='wp-caption-text gallery-caption' id='gallery-1-593'>\n\t\t\t\tGawron (fot. Jakub Dydu\u0142a)\n\t\t\t\t<\/dd><\/dl><dl class='gallery-item'>\n\t\t\t<dt class='gallery-icon landscape'>\n\t\t\t\t<a href='https:\/\/mto-kr.pl\/wp-content\/uploads\/2018\/02\/IMG_6192.jpg'><img loading=\"lazy\" decoding=\"async\" width=\"150\" height=\"150\" src=\"https:\/\/mto-kr.pl\/wp-content\/uploads\/2018\/02\/IMG_6192-150x150.jpg\" class=\"attachment-thumbnail size-thumbnail\" alt=\"Go\u0142\u0105b miejski i kaczki krzy\u017c\u00f3wki (fot. Jakub Dydu\u0142a)\" aria-describedby=\"gallery-1-594\" \/><\/a>\n\t\t\t<\/dt>\n\t\t\t\t<dd class='wp-caption-text gallery-caption' id='gallery-1-594'>\n\t\t\t\tGo\u0142\u0105b miejski i kaczki krzy\u017c\u00f3wki  (fot. Jakub Dydu\u0142a)\n\t\t\t\t<\/dd><\/dl><dl class='gallery-item'>\n\t\t\t<dt class='gallery-icon landscape'>\n\t\t\t\t<a href='https:\/\/mto-kr.pl\/wp-content\/uploads\/2018\/02\/IMG_6199.jpg'><img loading=\"lazy\" decoding=\"async\" width=\"150\" height=\"150\" src=\"https:\/\/mto-kr.pl\/wp-content\/uploads\/2018\/02\/IMG_6199-150x150.jpg\" class=\"attachment-thumbnail size-thumbnail\" alt=\"Kaczki krzy\u017c\u00f3wki (fot. Jakub Dydu\u0142a)\" aria-describedby=\"gallery-1-595\" \/><\/a>\n\t\t\t<\/dt>\n\t\t\t\t<dd class='wp-caption-text gallery-caption' id='gallery-1-595'>\n\t\t\t\tKaczki krzy\u017c\u00f3wki  (fot. Jakub Dydu\u0142a)\n\t\t\t\t<\/dd><\/dl><dl class='gallery-item'>\n\t\t\t<dt class='gallery-icon landscape'>\n\t\t\t\t<a href='https:\/\/mto-kr.pl\/wp-content\/uploads\/2018\/02\/IMG_6235.jpg'><img loading=\"lazy\" decoding=\"async\" width=\"150\" height=\"150\" src=\"https:\/\/mto-kr.pl\/wp-content\/uploads\/2018\/02\/IMG_6235-150x150.jpg\" class=\"attachment-thumbnail size-thumbnail\" alt=\"S\u00f3jka (fot. Jakub Dydu\u0142a)\" aria-describedby=\"gallery-1-596\" \/><\/a>\n\t\t\t<\/dt>\n\t\t\t\t<dd class='wp-caption-text gallery-caption' id='gallery-1-596'>\n\t\t\t\tS\u00f3jka  (fot. Jakub Dydu\u0142a)\n\t\t\t\t<\/dd><\/dl><dl class='gallery-item'>\n\t\t\t<dt class='gallery-icon landscape'>\n\t\t\t\t<a href='https:\/\/mto-kr.pl\/wp-content\/uploads\/2018\/02\/IMG_6237.jpg'><img loading=\"lazy\" decoding=\"async\" width=\"150\" height=\"150\" src=\"https:\/\/mto-kr.pl\/wp-content\/uploads\/2018\/02\/IMG_6237-150x150.jpg\" class=\"attachment-thumbnail size-thumbnail\" alt=\"(fot. Jakub Dydu\u0142a)\" aria-describedby=\"gallery-1-597\" \/><\/a>\n\t\t\t<\/dt>\n\t\t\t\t<dd class='wp-caption-text gallery-caption' id='gallery-1-597'>\n\t\t\t\t(fot. Jakub Dydu\u0142a)\n\t\t\t\t<\/dd><\/dl><br style=\"clear: both\" \/><dl class='gallery-item'>\n\t\t\t<dt class='gallery-icon landscape'>\n\t\t\t\t<a href='https:\/\/mto-kr.pl\/wp-content\/uploads\/2018\/02\/IMG_6243.jpg'><img loading=\"lazy\" decoding=\"async\" width=\"150\" height=\"150\" src=\"https:\/\/mto-kr.pl\/wp-content\/uploads\/2018\/02\/IMG_6243-150x150.jpg\" class=\"attachment-thumbnail size-thumbnail\" alt=\"(fot. Jakub Dydu\u0142a)\" \/><\/a>\n\t\t\t<\/dt><\/dl><dl class='gallery-item'>\n\t\t\t<dt class='gallery-icon landscape'>\n\t\t\t\t<a href='https:\/\/mto-kr.pl\/wp-content\/uploads\/2018\/02\/IMG_6266.jpg'><img loading=\"lazy\" decoding=\"async\" width=\"150\" height=\"150\" src=\"https:\/\/mto-kr.pl\/wp-content\/uploads\/2018\/02\/IMG_6266-150x150.jpg\" class=\"attachment-thumbnail size-thumbnail\" alt=\"Dzi\u0119cio\u0142 du\u017cy (fot. Jakub Dydu\u0142a)\" aria-describedby=\"gallery-1-599\" \/><\/a>\n\t\t\t<\/dt>\n\t\t\t\t<dd class='wp-caption-text gallery-caption' id='gallery-1-599'>\n\t\t\t\tDzi\u0119cio\u0142 du\u017cy  (fot. Jakub Dydu\u0142a)\n\t\t\t\t<\/dd><\/dl><dl class='gallery-item'>\n\t\t\t<dt class='gallery-icon landscape'>\n\t\t\t\t<a href='https:\/\/mto-kr.pl\/wp-content\/uploads\/2018\/02\/IMG_6273.jpg'><img loading=\"lazy\" decoding=\"async\" width=\"150\" height=\"150\" src=\"https:\/\/mto-kr.pl\/wp-content\/uploads\/2018\/02\/IMG_6273-150x150.jpg\" class=\"attachment-thumbnail size-thumbnail\" alt=\"Dolina Pr\u0105dnika (fot. Jakub Dydu\u0142a)\" aria-describedby=\"gallery-1-600\" \/><\/a>\n\t\t\t<\/dt>\n\t\t\t\t<dd class='wp-caption-text gallery-caption' id='gallery-1-600'>\n\t\t\t\tDolina Pr\u0105dnika (fot. Jakub Dydu\u0142a)\n\t\t\t\t<\/dd><\/dl><dl class='gallery-item'>\n\t\t\t<dt class='gallery-icon landscape'>\n\t\t\t\t<a href='https:\/\/mto-kr.pl\/wp-content\/uploads\/2018\/02\/IMG_6278.jpg'><img loading=\"lazy\" decoding=\"async\" width=\"150\" height=\"150\" src=\"https:\/\/mto-kr.pl\/wp-content\/uploads\/2018\/02\/IMG_6278-150x150.jpg\" class=\"attachment-thumbnail size-thumbnail\" alt=\"Wiewi\u00f3rka pospolita (fot. Jakub Dydu\u0142a)\" aria-describedby=\"gallery-1-601\" \/><\/a>\n\t\t\t<\/dt>\n\t\t\t\t<dd class='wp-caption-text gallery-caption' id='gallery-1-601'>\n\t\t\t\tWiewi\u00f3rka pospolita  (fot. Jakub Dydu\u0142a)\n\t\t\t\t<\/dd><\/dl><dl class='gallery-item'>\n\t\t\t<dt class='gallery-icon landscape'>\n\t\t\t\t<a href='https:\/\/mto-kr.pl\/wp-content\/uploads\/2018\/02\/IMG_6296.jpg'><img loading=\"lazy\" decoding=\"async\" width=\"150\" height=\"150\" src=\"https:\/\/mto-kr.pl\/wp-content\/uploads\/2018\/02\/IMG_6296-150x150.jpg\" class=\"attachment-thumbnail size-thumbnail\" alt=\"(fot. Jakub Dydu\u0142a)\" aria-describedby=\"gallery-1-602\" \/><\/a>\n\t\t\t<\/dt>\n\t\t\t\t<dd class='wp-caption-text gallery-caption' id='gallery-1-602'>\n\t\t\t\t(fot. Jakub Dydu\u0142a)\n\t\t\t\t<\/dd><\/dl><br style=\"clear: both\" \/><dl class='gallery-item'>\n\t\t\t<dt class='gallery-icon landscape'>\n\t\t\t\t<a href='https:\/\/mto-kr.pl\/wp-content\/uploads\/2018\/02\/IMG_6315.jpg'><img loading=\"lazy\" decoding=\"async\" width=\"150\" height=\"150\" src=\"https:\/\/mto-kr.pl\/wp-content\/uploads\/2018\/02\/IMG_6315-150x150.jpg\" class=\"attachment-thumbnail size-thumbnail\" alt=\"Dzi\u0119cio\u0142 du\u017cy (fot. Jakub Dydu\u0142a)\" aria-describedby=\"gallery-1-603\" \/><\/a>\n\t\t\t<\/dt>\n\t\t\t\t<dd class='wp-caption-text gallery-caption' id='gallery-1-603'>\n\t\t\t\tDzi\u0119cio\u0142 du\u017cy  (fot. Jakub Dydu\u0142a)\n\t\t\t\t<\/dd><\/dl><dl class='gallery-item'>\n\t\t\t<dt class='gallery-icon landscape'>\n\t\t\t\t<a href='https:\/\/mto-kr.pl\/wp-content\/uploads\/2018\/02\/IMG_6321.jpg'><img loading=\"lazy\" decoding=\"async\" width=\"150\" height=\"150\" src=\"https:\/\/mto-kr.pl\/wp-content\/uploads\/2018\/02\/IMG_6321-150x150.jpg\" class=\"attachment-thumbnail size-thumbnail\" alt=\"(fot. Jakub Dydu\u0142a)\" aria-describedby=\"gallery-1-604\" \/><\/a>\n\t\t\t<\/dt>\n\t\t\t\t<dd class='wp-caption-text gallery-caption' id='gallery-1-604'>\n\t\t\t\t(fot. Jakub Dydu\u0142a)\n\t\t\t\t<\/dd><\/dl><dl class='gallery-item'>\n\t\t\t<dt class='gallery-icon landscape'>\n\t\t\t\t<a href='https:\/\/mto-kr.pl\/wp-content\/uploads\/2018\/02\/IMG_6334.jpg'><img loading=\"lazy\" decoding=\"async\" width=\"150\" height=\"150\" src=\"https:\/\/mto-kr.pl\/wp-content\/uploads\/2018\/02\/IMG_6334-150x150.jpg\" class=\"attachment-thumbnail size-thumbnail\" alt=\"Leszczyna (fot. Jakub Dydu\u0142a)\" aria-describedby=\"gallery-1-605\" \/><\/a>\n\t\t\t<\/dt>\n\t\t\t\t<dd class='wp-caption-text gallery-caption' id='gallery-1-605'>\n\t\t\t\tLeszczyna (fot. Jakub Dydu\u0142a)\n\t\t\t\t<\/dd><\/dl><dl class='gallery-item'>\n\t\t\t<dt class='gallery-icon landscape'>\n\t\t\t\t<a href='https:\/\/mto-kr.pl\/wp-content\/uploads\/2018\/02\/IMG_6338.jpg'><img loading=\"lazy\" decoding=\"async\" width=\"150\" height=\"150\" src=\"https:\/\/mto-kr.pl\/wp-content\/uploads\/2018\/02\/IMG_6338-150x150.jpg\" class=\"attachment-thumbnail size-thumbnail\" alt=\"(fot. Jakub Dydu\u0142a)\" aria-describedby=\"gallery-1-606\" \/><\/a>\n\t\t\t<\/dt>\n\t\t\t\t<dd class='wp-caption-text gallery-caption' id='gallery-1-606'>\n\t\t\t\t(fot. Jakub Dydu\u0142a)\n\t\t\t\t<\/dd><\/dl><dl class='gallery-item'>\n\t\t\t<dt class='gallery-icon portrait'>\n\t\t\t\t<a href='https:\/\/mto-kr.pl\/wp-content\/uploads\/2018\/02\/IMG_6341.jpg'><img loading=\"lazy\" decoding=\"async\" width=\"150\" height=\"150\" src=\"https:\/\/mto-kr.pl\/wp-content\/uploads\/2018\/02\/IMG_6341-150x150.jpg\" class=\"attachment-thumbnail size-thumbnail\" alt=\"Dolina Pr\u0105dnika (fot. Jakub Dydu\u0142a)\" aria-describedby=\"gallery-1-607\" \/><\/a>\n\t\t\t<\/dt>\n\t\t\t\t<dd class='wp-caption-text gallery-caption' id='gallery-1-607'>\n\t\t\t\tDolina Pr\u0105dnika  (fot. Jakub Dydu\u0142a)\n\t\t\t\t<\/dd><\/dl><br style=\"clear: both\" \/><dl class='gallery-item'>\n\t\t\t<dt class='gallery-icon landscape'>\n\t\t\t\t<a href='https:\/\/mto-kr.pl\/wp-content\/uploads\/2018\/02\/IMG_6349.jpg'><img loading=\"lazy\" decoding=\"async\" width=\"150\" height=\"150\" src=\"https:\/\/mto-kr.pl\/wp-content\/uploads\/2018\/02\/IMG_6349-150x150.jpg\" class=\"attachment-thumbnail size-thumbnail\" alt=\"Modraszka (fot. Jakub Dydu\u0142a)\" aria-describedby=\"gallery-1-608\" \/><\/a>\n\t\t\t<\/dt>\n\t\t\t\t<dd class='wp-caption-text gallery-caption' id='gallery-1-608'>\n\t\t\t\tModraszka  (fot. Jakub Dydu\u0142a)\n\t\t\t\t<\/dd><\/dl><dl class='gallery-item'>\n\t\t\t<dt class='gallery-icon landscape'>\n\t\t\t\t<a href='https:\/\/mto-kr.pl\/wp-content\/uploads\/2018\/02\/IMG_6356.jpg'><img loading=\"lazy\" decoding=\"async\" width=\"150\" height=\"150\" src=\"https:\/\/mto-kr.pl\/wp-content\/uploads\/2018\/02\/IMG_6356-150x150.jpg\" class=\"attachment-thumbnail size-thumbnail\" alt=\"(fot. Jakub Dydu\u0142a)\" aria-describedby=\"gallery-1-609\" \/><\/a>\n\t\t\t<\/dt>\n\t\t\t\t<dd class='wp-caption-text gallery-caption' id='gallery-1-609'>\n\t\t\t\t(fot. Jakub Dydu\u0142a)\n\t\t\t\t<\/dd><\/dl><dl class='gallery-item'>\n\t\t\t<dt class='gallery-icon landscape'>\n\t\t\t\t<a href='https:\/\/mto-kr.pl\/wp-content\/uploads\/2018\/02\/IMG_6365.jpg'><img loading=\"lazy\" decoding=\"async\" width=\"150\" height=\"150\" src=\"https:\/\/mto-kr.pl\/wp-content\/uploads\/2018\/02\/IMG_6365-150x150.jpg\" class=\"attachment-thumbnail size-thumbnail\" alt=\"Gawron (fot. Jakub Dydu\u0142a)\" aria-describedby=\"gallery-1-610\" \/><\/a>\n\t\t\t<\/dt>\n\t\t\t\t<dd class='wp-caption-text gallery-caption' id='gallery-1-610'>\n\t\t\t\tGawron  (fot. Jakub Dydu\u0142a)\n\t\t\t\t<\/dd><\/dl>\n\t\t\t<br style='clear: both' \/>\n\t\t<\/div>\n\n<p>&nbsp;<\/p>\n<p>&nbsp;<\/p>","protected":false},"excerpt":{"rendered":"<p>Pogoda i warunki terenowe dopisa\u0142y. Dopisa\u0142y te\u017c przede wszystkim ptaki. 10 lutego odby\u0142a si\u0119 ostatnia w tym sezonie zimowym wycieczka z Ma\u0142opolskim Towarzystwem Ornitologicznym. Trasa wiod\u0142a krakowskim odcinkiem Doliny Pr\u0105dnika.\u00a0 W prowadzonej przez pana Jacka Tyblewskiego wycieczce wzi\u0119\u0142o udzia\u0142 17 os\u00f3b. Najm\u0142odszy uczestnik spaceru mia\u0142 10 lat. Mimo poka\u017anej grupy, przej\u015bcie tras\u0105 biegn\u0105c\u0105 wzd\u0142u\u017c rzeki Pr\u0105dnik przebieg\u0142o sprawnie i w mi\u0142ej atmosferze. Uczestnicy mogli podszkoli\u0107 si\u0119 g\u0142\u00f3wnie w obserwacjach i oznaczaniu pospolitych gatunk\u00f3w ptak\u00f3w. W\u015br\u00f3d 22 spotkanych gatunk\u00f3w byli najliczniejsi przedstawiciele awifauny miast jak bogatka, modraszka, kos, czy gatunki przez laik\u00f3w cz\u0119sto okre\u015blane jako kruki: kawka, gawron i wrona. Wycieczka\u2026 <a class=\"continue-reading-link\" href=\"https:\/\/mto-kr.pl\/en\/2018\/02\/23\/kosmacz-atrakcja-wycieczki-po-dolnie-pradnika\/\">Czytaj dalej&#8230;<\/a><\/p>","protected":false},"author":1,"featured_media":600,"comment_status":"closed","ping_status":"open","sticky":false,"template":"","format":"standard","meta":{"_monsterinsights_skip_tracking":false,"footnotes":""},"categories":[4,7],"tags":[],"class_list":["post-592","post","type-post","status-publish","format-standard","has-post-thumbnail","hentry","category-aktualnosci","category-foto"],"_links":{"self":[{"href":"https:\/\/mto-kr.pl\/en\/wp-json\/wp\/v2\/posts\/592","targetHints":{"allow":["GET"]}}],"collection":[{"href":"https:\/\/mto-kr.pl\/en\/wp-json\/wp\/v2\/posts"}],"about":[{"href":"https:\/\/mto-kr.pl\/en\/wp-json\/wp\/v2\/types\/post"}],"author":[{"embeddable":true,"href":"https:\/\/mto-kr.pl\/en\/wp-json\/wp\/v2\/users\/1"}],"replies":[{"embeddable":true,"href":"https:\/\/mto-kr.pl\/en\/wp-json\/wp\/v2\/comments?post=592"}],"version-history":[{"count":3,"href":"https:\/\/mto-kr.pl\/en\/wp-json\/wp\/v2\/posts\/592\/revisions"}],"predecessor-version":[{"id":613,"href":"https:\/\/mto-kr.pl\/en\/wp-json\/wp\/v2\/posts\/592\/revisions\/613"}],"wp:featuredmedia":[{"embeddable":true,"href":"https:\/\/mto-kr.pl\/en\/wp-json\/wp\/v2\/media\/600"}],"wp:attachment":[{"href":"https:\/\/mto-kr.pl\/en\/wp-json\/wp\/v2\/media?parent=592"}],"wp:term":[{"taxonomy":"category","embeddable":true,"href":"https:\/\/mto-kr.pl\/en\/wp-json\/wp\/v2\/categories?post=592"},{"taxonomy":"post_tag","embeddable":true,"href":"https:\/\/mto-kr.pl\/en\/wp-json\/wp\/v2\/tags?post=592"}],"curies":[{"name":"wp","href":"https:\/\/api.w.org\/{rel}","templated":true}]}}