{"id":616,"date":"2018-02-23T12:04:54","date_gmt":"2018-02-23T11:04:54","guid":{"rendered":"https:\/\/mto-kr.pl\/?p=616"},"modified":"2018-02-24T09:36:45","modified_gmt":"2018-02-24T08:36:45","slug":"przed-nami-ostatni-weekend-okresu-zimowego","status":"publish","type":"post","link":"https:\/\/mto-kr.pl\/en\/2018\/02\/23\/przed-nami-ostatni-weekend-okresu-zimowego\/","title":{"rendered":"Przed nami ostatni weekend okresu zimowego"},"content":{"rendered":"<div id=\"attachment_617\" style=\"width: 310px\" class=\"wp-caption alignleft\"><a href=\"https:\/\/mto-kr.pl\/wp-content\/uploads\/2018\/02\/bogatka_JWm.jpg\"><img loading=\"lazy\" decoding=\"async\" aria-describedby=\"caption-attachment-617\" class=\"wp-image-617 size-medium\" src=\"https:\/\/mto-kr.pl\/wp-content\/uploads\/2018\/02\/bogatka_JWm-300x200.jpg\" alt=\"Sikora bogatka (fot. Jakub Wyka)\" width=\"300\" height=\"200\" srcset=\"https:\/\/mto-kr.pl\/wp-content\/uploads\/2018\/02\/bogatka_JWm-300x200.jpg 300w, https:\/\/mto-kr.pl\/wp-content\/uploads\/2018\/02\/bogatka_JWm-768x512.jpg 768w, https:\/\/mto-kr.pl\/wp-content\/uploads\/2018\/02\/bogatka_JWm-1024x683.jpg 1024w, https:\/\/mto-kr.pl\/wp-content\/uploads\/2018\/02\/bogatka_JWm-525x350.jpg 525w, https:\/\/mto-kr.pl\/wp-content\/uploads\/2018\/02\/bogatka_JWm-150x100.jpg 150w, https:\/\/mto-kr.pl\/wp-content\/uploads\/2018\/02\/bogatka_JWm.jpg 1200w\" sizes=\"auto, (max-width: 300px) 100vw, 300px\" \/><\/a><p id=\"caption-attachment-617\" class=\"wp-caption-text\">Sikora bogatka (fot. Jakub Wyka)<\/p><\/div>\n<p style=\"text-align: justify;\"><strong>Przed nami ostatni weekend i ostatnie dni okresu zimowego 2017\/2018. Gor\u0105co zapraszamy do obserwowania ptak\u00f3w i dzielenia si\u0119 uzyskanymi danymi w tworzonym przez nasze towarzystwo\u00a0<a href=\"http:\/\/www.iop.krakow.pl\/dbPtak\/atlas\">Atlasie<\/a>.\u00a0<\/strong><\/p>\n<p style=\"text-align: justify;\">Cho\u0107 prognozy pogody zapowiadaj\u0105, \u017ce nadchodz\u0105ce dni maj\u0105 by\u0107 najch\u0142odniejszymi tej zimy, to gor\u0105co zapraszamy, by w te ostatnie dni lutego ciep\u0142o si\u0119 ubra\u0107, zaopatrzy\u0107 si\u0119 w termos z gor\u0105c\u0105 herbat\u0105 i ruszy\u0107 w teren by obserwowa\u0107 zimuj\u0105ce w Ma\u0142opolsce ptaki.<\/p>\n<p style=\"text-align: justify;\">Ma\u0142opolskie Towarzystwo Ornitologiczne od 2014 roku pracuje nad stworzeniem <a href=\"http:\/\/www.iop.krakow.pl\/dbPtak\/atlas\">Atlasu ptak\u00f3w l\u0119gowych i zimuj\u0105cych Polski po\u0142udniowo-wschodniej 2014-2020<\/a>. Pomimo uzyskania imponuj\u0105cej liczby \u0142\u0105cznie ponad 490 tysi\u0119cy obserwacji, za kt\u00f3re wszystkim serdecznie dzi\u0119kujemy, stopie\u0144 zbadania ptak\u00f3w w okresie zimowym jest znacznie s\u0142abszy ni\u017c w okresie l\u0119gowym. Mo\u017cna to m.in. podejrze\u0107 na mapkach na stronie internetowej naszego <a href=\"http:\/\/www.iop.krakow.pl\/dbPtak\/atlas\">Atlasu<\/a>.<\/p>\n<p style=\"text-align: justify;\">Mocno zach\u0119camy wi\u0119c do obserwacji zimowych i wpisywania danych do naszej bazy.\u00a0 Dla przypomnienia, <strong>w\u015br\u00f3d os\u00f3b, kt\u00f3re do 10 marca wpisz\u0105 co najmniej 300 obserwacji z tej zimy (czyli z okresu 1.12.2017-28.02.0218) rozlosujemy 5 ksi\u0105\u017cek\u00a0<\/strong>\u2013\u00a03x Ostoje\u00a0ptak\u00f3w o znaczeniu europejskim w Polsce (2010) i 2x Monitoring ptak\u00f3w l\u0119gowych. Poradnik metodyczny (2015).<\/p>\n<p>Nie zwlekaj, we\u017a sprawy w swoje r\u0119ce i przy\u0142\u0105cz si\u0119 do tworzenia Atlasu!<\/p>\n<p style=\"text-align: right;\"><em>Jakub Wyka<\/em><\/p>","protected":false},"excerpt":{"rendered":"<p>Przed nami ostatni weekend i ostatnie dni okresu zimowego 2017\/2018. Gor\u0105co zapraszamy do obserwowania ptak\u00f3w i dzielenia si\u0119 uzyskanymi danymi w tworzonym przez nasze towarzystwo\u00a0Atlasie.\u00a0 Cho\u0107 prognozy pogody zapowiadaj\u0105, \u017ce nadchodz\u0105ce dni maj\u0105 by\u0107 najch\u0142odniejszymi tej zimy, to gor\u0105co zapraszamy, by w te ostatnie dni lutego ciep\u0142o si\u0119 ubra\u0107, zaopatrzy\u0107 si\u0119 w termos z gor\u0105c\u0105 herbat\u0105 i ruszy\u0107 w teren by obserwowa\u0107 zimuj\u0105ce w Ma\u0142opolsce ptaki. Ma\u0142opolskie Towarzystwo Ornitologiczne od 2014 roku pracuje nad stworzeniem Atlasu ptak\u00f3w l\u0119gowych i zimuj\u0105cych Polski po\u0142udniowo-wschodniej 2014-2020. Pomimo uzyskania imponuj\u0105cej liczby \u0142\u0105cznie ponad 490 tysi\u0119cy obserwacji, za kt\u00f3re wszystkim serdecznie dzi\u0119kujemy, stopie\u0144 zbadania ptak\u00f3w\u2026 <a class=\"continue-reading-link\" href=\"https:\/\/mto-kr.pl\/en\/2018\/02\/23\/przed-nami-ostatni-weekend-okresu-zimowego\/\">Czytaj dalej&#8230;<\/a><\/p>","protected":false},"author":1,"featured_media":617,"comment_status":"closed","ping_status":"open","sticky":false,"template":"","format":"standard","meta":{"_monsterinsights_skip_tracking":false,"footnotes":""},"categories":[4],"tags":[],"class_list":["post-616","post","type-post","status-publish","format-standard","has-post-thumbnail","hentry","category-aktualnosci"],"_links":{"self":[{"href":"https:\/\/mto-kr.pl\/en\/wp-json\/wp\/v2\/posts\/616","targetHints":{"allow":["GET"]}}],"collection":[{"href":"https:\/\/mto-kr.pl\/en\/wp-json\/wp\/v2\/posts"}],"about":[{"href":"https:\/\/mto-kr.pl\/en\/wp-json\/wp\/v2\/types\/post"}],"author":[{"embeddable":true,"href":"https:\/\/mto-kr.pl\/en\/wp-json\/wp\/v2\/users\/1"}],"replies":[{"embeddable":true,"href":"https:\/\/mto-kr.pl\/en\/wp-json\/wp\/v2\/comments?post=616"}],"version-history":[{"count":3,"href":"https:\/\/mto-kr.pl\/en\/wp-json\/wp\/v2\/posts\/616\/revisions"}],"predecessor-version":[{"id":620,"href":"https:\/\/mto-kr.pl\/en\/wp-json\/wp\/v2\/posts\/616\/revisions\/620"}],"wp:featuredmedia":[{"embeddable":true,"href":"https:\/\/mto-kr.pl\/en\/wp-json\/wp\/v2\/media\/617"}],"wp:attachment":[{"href":"https:\/\/mto-kr.pl\/en\/wp-json\/wp\/v2\/media?parent=616"}],"wp:term":[{"taxonomy":"category","embeddable":true,"href":"https:\/\/mto-kr.pl\/en\/wp-json\/wp\/v2\/categories?post=616"},{"taxonomy":"post_tag","embeddable":true,"href":"https:\/\/mto-kr.pl\/en\/wp-json\/wp\/v2\/tags?post=616"}],"curies":[{"name":"wp","href":"https:\/\/api.w.org\/{rel}","templated":true}]}}