{"id":622,"date":"2018-03-11T18:26:58","date_gmt":"2018-03-11T17:26:58","guid":{"rendered":"https:\/\/mto-kr.pl\/?p=622"},"modified":"2018-03-11T18:29:11","modified_gmt":"2018-03-11T17:29:11","slug":"ptaki-dolin-rzecznych-malopolski-nowy-projekt-mto","status":"publish","type":"post","link":"https:\/\/mto-kr.pl\/en\/2018\/03\/11\/ptaki-dolin-rzecznych-malopolski-nowy-projekt-mto\/","title":{"rendered":"Ptaki dolin rzecznych Ma\u0142opolski &#8211; nowy projekt MTO"},"content":{"rendered":"<div id=\"attachment_623\" style=\"width: 930px\" class=\"wp-caption aligncenter\"><a href=\"https:\/\/mto-kr.pl\/wp-content\/uploads\/2018\/03\/wisla_t_wilk.jpg\"><img loading=\"lazy\" decoding=\"async\" aria-describedby=\"caption-attachment-623\" class=\"size-large wp-image-623\" src=\"https:\/\/mto-kr.pl\/wp-content\/uploads\/2018\/03\/wisla_t_wilk-1024x550.jpg\" alt=\"Rzeka Wis\u0142a. Fot. Tomasz Wilk (http:\/\/www.patrzacwilkiem.pl)\" width=\"920\" height=\"494\" srcset=\"https:\/\/mto-kr.pl\/wp-content\/uploads\/2018\/03\/wisla_t_wilk-1024x550.jpg 1024w, https:\/\/mto-kr.pl\/wp-content\/uploads\/2018\/03\/wisla_t_wilk-300x161.jpg 300w, https:\/\/mto-kr.pl\/wp-content\/uploads\/2018\/03\/wisla_t_wilk-768x412.jpg 768w, https:\/\/mto-kr.pl\/wp-content\/uploads\/2018\/03\/wisla_t_wilk-652x350.jpg 652w, https:\/\/mto-kr.pl\/wp-content\/uploads\/2018\/03\/wisla_t_wilk-150x81.jpg 150w, https:\/\/mto-kr.pl\/wp-content\/uploads\/2018\/03\/wisla_t_wilk.jpg 1200w\" sizes=\"auto, (max-width: 920px) 100vw, 920px\" \/><\/a><p id=\"caption-attachment-623\" class=\"wp-caption-text\">Rzeka Wis\u0142a. Fot. Tomasz Wilk (http:\/\/www.patrzacwilkiem.pl)<\/p><\/div>\n<p style=\"text-align: justify;\"><strong>\u017beby dobrze \u017cy\u0142o si\u0119 cz\u0142owiekowi, potrzebna jest mu natura. \u017beby naturalne miejsca zachowa\u0107, potrzebna jest wiedza o nich. Jednym z najbardziej zagro\u017conych ekosystem\u00f3w s\u0105 obecnie doliny rzeczne. Mo\u017cliwo\u015b\u0107 efektywnej ochrony jest ograniczana przez niedostateczne rozpoznanie ich walor\u00f3w przyrodniczych. Grup\u0105 wska\u017anikow\u0105 naturalnych ekosystem\u00f3w rzecznych s\u0105 niekt\u00f3re gatunki ptak\u00f3w \u2013 ich obecno\u015b\u0107 mo\u017ce by\u0107 argumentem pozwalaj\u0105cym na ochron\u0119 rzek.\u00a0Celem zbi\u00f3rki organizowanej przez Ma\u0142opolskie Towarzystwo Ornitologiczne jest pozyskanie funduszy na rozpoznanie populacji ptak\u00f3w zasiedlaj\u0105cych doliny rzeczne Ma\u0142opolski i przygotowanie dokumentacji wspieraj\u0105cej obj\u0119cie ochron\u0105 ich najcenniejszych fragment\u00f3w.<\/strong><\/p>\n<p><a href=\"https:\/\/pomagam.pl\/mto\">Ptaki dolin rzecznych Ma\u0142opolski &#8211; wesprzyj zbi\u00f3rk\u0119!\u00a0<\/a><\/p>\n<p style=\"text-align: justify;\">Zbi\u00f3rka funduszy na realizacj\u0119 projektu inwentaryzacji awifauny i ochrony dolin rzecznych Ma\u0142opolski trwa!\u00a0 Jest to spo\u0142eczny projekt, w kt\u00f3rym zebrane pieni\u0105dze przeznaczymy w ca\u0142o\u015bci na pokrycie koszt\u00f3w dojazdu, sp\u0142ywy ma\u0142o poznanymi przyrodniczo odcinkami Dunajca (Czch\u00f3w &#8211; uj\u015bcie do Wis\u0142y), Wis\u0142\u0105 (Uj\u015bcie Dunajca &#8211; Po\u0142aniec &#8211; Zawichos) i Sanem (Uj\u015bcie Wis\u0142oka &#8211; uj\u015bcie do Wis\u0142y), a tak\u017ce na nagrody dla Wspieraj\u0105cych.<\/p>\n<p>Zach\u0119camy do poczytania o tym dlaczego doliny rzeczne warto chroni\u0107:<\/p>\n<p><a href=\"https:\/\/naukadlaprzyrody.pl\/2018\/02\/24\/polawiacze-perel-badania-w-dolinach-rzecznych\/\">Po\u0142awiacze pere\u0142: badania w dolinach&nbsp;rzecznych<\/a><\/p>\n<p style=\"text-align: justify;\">Nagrod\u0105 za wsparcie s\u0105 m.in. warsztaty fotograficzne z Tomaszem Wilkiem &#8211; zwyci\u0119zc\u0105 tegorocznej edycji konkursu National Geographic w kategorii Przyroda, spacer przyrodniczy z Kazimierzem Walaszem &#8211; prezesem Ma\u0142opolskiego Towarzystwa Ornitologicznego lub warsztaty przyrodnicze w przedszkolu\/szkole Twojego dziecka, a tak\u017ce breloczki, kubki i koszulki &#8211; <a href=\"https:\/\/docs.google.com\/forms\/d\/e\/1FAIpQLSe9wKlJXVDIYV1bNGFIYwGfQyZ5QMCrMA_HiGUrnh_s0d2WKA\/viewform?c=0&amp;w=1\">w g\u0142osowaniu sam mo\u017cesz zdecydowa\u0107 jaki gatunek ptaka wodnego znajdzie si\u0119 na nagrodach<\/a>.<\/p>\n<p><a href=\"https:\/\/pomagam.pl\/mto\">Ptaki dolin rzecznych Ma\u0142opolski &#8211; wesprzyj zbi\u00f3rk\u0119!\u00a0<\/a><\/p>\n<p style=\"text-align: right;\"><em>JW, JKB<\/em><\/p>","protected":false},"excerpt":{"rendered":"<p>\u017beby dobrze \u017cy\u0142o si\u0119 cz\u0142owiekowi, potrzebna jest mu natura. \u017beby naturalne miejsca zachowa\u0107, potrzebna jest wiedza o nich. Jednym z najbardziej zagro\u017conych ekosystem\u00f3w s\u0105 obecnie doliny rzeczne. Mo\u017cliwo\u015b\u0107 efektywnej ochrony jest ograniczana przez niedostateczne rozpoznanie ich walor\u00f3w przyrodniczych. Grup\u0105 wska\u017anikow\u0105 naturalnych ekosystem\u00f3w rzecznych s\u0105 niekt\u00f3re gatunki ptak\u00f3w \u2013 ich obecno\u015b\u0107 mo\u017ce by\u0107 argumentem pozwalaj\u0105cym na ochron\u0119 rzek.\u00a0Celem zbi\u00f3rki organizowanej przez Ma\u0142opolskie Towarzystwo Ornitologiczne jest pozyskanie funduszy na rozpoznanie populacji ptak\u00f3w zasiedlaj\u0105cych doliny rzeczne Ma\u0142opolski i przygotowanie dokumentacji wspieraj\u0105cej obj\u0119cie ochron\u0105 ich najcenniejszych fragment\u00f3w. Ptaki dolin rzecznych Ma\u0142opolski &#8211; wesprzyj zbi\u00f3rk\u0119!\u00a0 Zbi\u00f3rka funduszy na realizacj\u0119 projektu inwentaryzacji awifauny i ochrony dolin\u2026 <a class=\"continue-reading-link\" href=\"https:\/\/mto-kr.pl\/en\/2018\/03\/11\/ptaki-dolin-rzecznych-malopolski-nowy-projekt-mto\/\">Czytaj dalej&#8230;<\/a><\/p>","protected":false},"author":1,"featured_media":623,"comment_status":"open","ping_status":"open","sticky":false,"template":"","format":"standard","meta":{"_monsterinsights_skip_tracking":false,"footnotes":""},"categories":[4],"tags":[],"class_list":["post-622","post","type-post","status-publish","format-standard","has-post-thumbnail","hentry","category-aktualnosci"],"_links":{"self":[{"href":"https:\/\/mto-kr.pl\/en\/wp-json\/wp\/v2\/posts\/622","targetHints":{"allow":["GET"]}}],"collection":[{"href":"https:\/\/mto-kr.pl\/en\/wp-json\/wp\/v2\/posts"}],"about":[{"href":"https:\/\/mto-kr.pl\/en\/wp-json\/wp\/v2\/types\/post"}],"author":[{"embeddable":true,"href":"https:\/\/mto-kr.pl\/en\/wp-json\/wp\/v2\/users\/1"}],"replies":[{"embeddable":true,"href":"https:\/\/mto-kr.pl\/en\/wp-json\/wp\/v2\/comments?post=622"}],"version-history":[{"count":3,"href":"https:\/\/mto-kr.pl\/en\/wp-json\/wp\/v2\/posts\/622\/revisions"}],"predecessor-version":[{"id":626,"href":"https:\/\/mto-kr.pl\/en\/wp-json\/wp\/v2\/posts\/622\/revisions\/626"}],"wp:featuredmedia":[{"embeddable":true,"href":"https:\/\/mto-kr.pl\/en\/wp-json\/wp\/v2\/media\/623"}],"wp:attachment":[{"href":"https:\/\/mto-kr.pl\/en\/wp-json\/wp\/v2\/media?parent=622"}],"wp:term":[{"taxonomy":"category","embeddable":true,"href":"https:\/\/mto-kr.pl\/en\/wp-json\/wp\/v2\/categories?post=622"},{"taxonomy":"post_tag","embeddable":true,"href":"https:\/\/mto-kr.pl\/en\/wp-json\/wp\/v2\/tags?post=622"}],"curies":[{"name":"wp","href":"https:\/\/api.w.org\/{rel}","templated":true}]}}