{"id":666,"date":"2018-03-20T12:20:32","date_gmt":"2018-03-20T11:20:32","guid":{"rendered":"https:\/\/mto-kr.pl\/?p=666"},"modified":"2018-03-20T17:06:58","modified_gmt":"2018-03-20T16:06:58","slug":"ornitolodzy-szkolili-sie-w-gruszowie","status":"publish","type":"post","link":"https:\/\/mto-kr.pl\/en\/2018\/03\/20\/ornitolodzy-szkolili-sie-w-gruszowie\/","title":{"rendered":"Ornitolodzy szkolili si\u0119 w Gruszowie"},"content":{"rendered":"<p style=\"text-align: justify;\"><strong><a href=\"https:\/\/mto-kr.pl\/wp-content\/uploads\/2018\/03\/Wiosenny-zjazd-MTO-fot.-A.Chwierut-1.jpg\"><img loading=\"lazy\" decoding=\"async\" class=\"alignleft wp-image-675 size-medium\" src=\"https:\/\/mto-kr.pl\/wp-content\/uploads\/2018\/03\/Wiosenny-zjazd-MTO-fot.-A.Chwierut-1-300x178.jpg\" alt=\"Wiosenny zjazd MTO - mgr Jan Lontkowski opowiada o identyfikacji rzadkich gatunk\u00f3w ptak\u00f3w (fot. A.Chwierut)\" width=\"300\" height=\"178\" srcset=\"https:\/\/mto-kr.pl\/wp-content\/uploads\/2018\/03\/Wiosenny-zjazd-MTO-fot.-A.Chwierut-1-300x178.jpg 300w, https:\/\/mto-kr.pl\/wp-content\/uploads\/2018\/03\/Wiosenny-zjazd-MTO-fot.-A.Chwierut-1-768x456.jpg 768w, https:\/\/mto-kr.pl\/wp-content\/uploads\/2018\/03\/Wiosenny-zjazd-MTO-fot.-A.Chwierut-1-1024x608.jpg 1024w, https:\/\/mto-kr.pl\/wp-content\/uploads\/2018\/03\/Wiosenny-zjazd-MTO-fot.-A.Chwierut-1-589x350.jpg 589w, https:\/\/mto-kr.pl\/wp-content\/uploads\/2018\/03\/Wiosenny-zjazd-MTO-fot.-A.Chwierut-1-150x89.jpg 150w, https:\/\/mto-kr.pl\/wp-content\/uploads\/2018\/03\/Wiosenny-zjazd-MTO-fot.-A.Chwierut-1.jpg 1500w\" sizes=\"auto, (max-width: 300px) 100vw, 300px\" \/><\/a>W miniony weekend 16-18 marca w Gruszowie odby\u0142 si\u0119 wiosenny, szkoleniowy zjazd Ma\u0142opolskiego Towarzystwa Ornitologicznego. Ornitolodzy doskonalili swoje umiej\u0119tno\u015bci oraz dzielili si\u0119 cennymi informacjami na temat prowadzonych aktualnie bada\u0144.<\/strong><\/p>\n<p style=\"text-align: justify;\">By\u0142 to pierwszy wiosenny zjazd Ma\u0142opolskiego Towarzystwa Ornitologicznego. Nag\u0142y powr\u00f3t zimowej aury nie zach\u0119ca\u0142 do wyj\u015bcia w teren i obserwowania ptak\u00f3w, dlatego znaczna liczba ornitolog\u00f3w z naszego regionu, blisko 40 os\u00f3b, zdecydowa\u0142a si\u0119 wzi\u0105\u0107 udzia\u0142 w bardzo ciekawym, nastawionym na dzia\u0142ania praktyczne, szkoleniu.<\/p>\n<p style=\"text-align: justify;\">W\u015br\u00f3d uczestnik\u00f3w zjazdu i zaproszonych go\u015bci byli m.in. dr hab. Piotr Profus &#8211; redaktor naczelny czasopisma naukowego Chro\u0144my Przyrod\u0119 Ojczyst\u0105, mgr Jan Lontkowski reprezentuj\u0105cy Komisj\u0119 Faunistyczn\u0105 PTZool, czy przedstawiciele zaprzyja\u017anionych z MTO organizacji, jak m.in. OTOP czy SOS, a wi\u0119c ornitolodzy z ca\u0142ego, szeroko poj\u0119tego, regionu Ma\u0142opolski i nie tylko.<\/p>\n<p style=\"text-align: justify;\">Uczestnicy zjazdu wys\u0142uchali ciekawych prelekcji dotycz\u0105cych m.in. identyfikacji rzadkich gatunk\u00f3w ptak\u00f3w (prelegent &#8211; mgr Jan Lontkowski), poprawnego wykonywania monitoringu s\u00f3w (mgr Krzysztof Kus), chru\u015bcieli (dr Damian Wiehle), czy w\u0142a\u015bciwego przydzielania obserwowanym ptakom kategorii l\u0119gowych (dr Tomasz Wilk). By\u0142 te\u017c prowadzony przez prezesa MTO &#8211; dr Kazimierza Walasza mini kurs korzystania z powszechnie dost\u0119pnej aplikacji Locus Map &#8211; kt\u00f3ra zainstalowana w smartfonie lub tablecie mo\u017ce zast\u0105pi\u0107 profesjonalny GPS. Zebrani mogli podzieli\u0107 si\u0119 mi\u0119dzy sob\u0105 spostrze\u017ceniami z lokalnych inicjatyw ornitologicznych, podejmowanych w skali mikroregionu &#8211; powiatu, gminy itd.<\/p>\n<p style=\"text-align: justify;\">Na zako\u0144czenie oficjalnej cz\u0119\u015bci zjazdu zosta\u0142 przeprowadzony konkurs na najbystrzejszego obserwatora ptak\u00f3w. Zosta\u0142 nim Wojciech Guzik, kt\u00f3ry minimalnie wyprzedzi\u0142 Mateusza \u0141odzi\u0144skiego. Gratulujemy! P\u00f3\u017aniej nadszed\u0142 czas na integracj\u0119 i rozmowy, kt\u00f3re trwa\u0142y do d\u0142ugich godzin nocnych&#8230;<\/p>\n<p style=\"text-align: justify;\">Pozostaje liczy\u0107, \u017ce wiedza zdobyta przez uczestnik\u00f3w wiosennego zjazdu Ma\u0142opolskiego Towarzystwa Ornitologicznego prze\u0142o\u017cy si\u0119 na sukcesy w obserwowaniu i inwentaryzowaniu ptak\u00f3w, oraz jeszcze wi\u0119ksz\u0105 efektywno\u015b\u0107 w dalszych pracach nad <a href=\"http:\/\/www.iop.krakow.pl\/dbPtak\/atlas\">Atlasem ptak\u00f3w l\u0119gowych i zimuj\u0105cych Polski po\u0142udniowo-wschodniej 2014-2020.<\/a>\u00a0Wracaj\u0105ce z zimowisk ptaki zwiastuj\u0105 nadej\u015bcie wiosny, czas wi\u0119c zabra\u0107 lornetk\u0119 i rusza\u0107 w teren!<\/p>\n<p style=\"text-align: justify;\">Mi\u0142a, kameralna atmosfera i mo\u017cliwo\u015b\u0107 poznania si\u0119 w podczas integracyjnych fragment\u00f3w zjazdu przekonuje nas, \u017ce wyjazdowy, wiosenny zjazd powinien by\u0107 sta\u0142ym punktem w kalendarzu MTO.<\/p>\n<p style=\"text-align: right;\"><em>Jakub Wyka<br \/>\nfot. Andrzej Chwierut<\/em><\/p>\n<p>Obszerna fotogaleria ze zjazdu zostanie opublikowana niebawem.<\/p>","protected":false},"excerpt":{"rendered":"<p>W miniony weekend 16-18 marca w Gruszowie odby\u0142 si\u0119 wiosenny, szkoleniowy zjazd Ma\u0142opolskiego Towarzystwa Ornitologicznego. Ornitolodzy doskonalili swoje umiej\u0119tno\u015bci oraz dzielili si\u0119 cennymi informacjami na temat prowadzonych aktualnie bada\u0144. By\u0142 to pierwszy wiosenny zjazd Ma\u0142opolskiego Towarzystwa Ornitologicznego. Nag\u0142y powr\u00f3t zimowej aury nie zach\u0119ca\u0142 do wyj\u015bcia w teren i obserwowania ptak\u00f3w, dlatego znaczna liczba ornitolog\u00f3w z naszego regionu, blisko 40 os\u00f3b, zdecydowa\u0142a si\u0119 wzi\u0105\u0107 udzia\u0142 w bardzo ciekawym, nastawionym na dzia\u0142ania praktyczne, szkoleniu. W\u015br\u00f3d uczestnik\u00f3w zjazdu i zaproszonych go\u015bci byli m.in. dr hab. Piotr Profus &#8211; redaktor naczelny czasopisma naukowego Chro\u0144my Przyrod\u0119 Ojczyst\u0105, mgr Jan Lontkowski reprezentuj\u0105cy Komisj\u0119 Faunistyczn\u0105 PTZool, czy\u2026 <a class=\"continue-reading-link\" href=\"https:\/\/mto-kr.pl\/en\/2018\/03\/20\/ornitolodzy-szkolili-sie-w-gruszowie\/\">Czytaj dalej&#8230;<\/a><\/p>","protected":false},"author":1,"featured_media":675,"comment_status":"closed","ping_status":"open","sticky":false,"template":"","format":"standard","meta":{"_monsterinsights_skip_tracking":false,"footnotes":""},"categories":[4],"tags":[],"class_list":["post-666","post","type-post","status-publish","format-standard","has-post-thumbnail","hentry","category-aktualnosci"],"_links":{"self":[{"href":"https:\/\/mto-kr.pl\/en\/wp-json\/wp\/v2\/posts\/666","targetHints":{"allow":["GET"]}}],"collection":[{"href":"https:\/\/mto-kr.pl\/en\/wp-json\/wp\/v2\/posts"}],"about":[{"href":"https:\/\/mto-kr.pl\/en\/wp-json\/wp\/v2\/types\/post"}],"author":[{"embeddable":true,"href":"https:\/\/mto-kr.pl\/en\/wp-json\/wp\/v2\/users\/1"}],"replies":[{"embeddable":true,"href":"https:\/\/mto-kr.pl\/en\/wp-json\/wp\/v2\/comments?post=666"}],"version-history":[{"count":11,"href":"https:\/\/mto-kr.pl\/en\/wp-json\/wp\/v2\/posts\/666\/revisions"}],"predecessor-version":[{"id":679,"href":"https:\/\/mto-kr.pl\/en\/wp-json\/wp\/v2\/posts\/666\/revisions\/679"}],"wp:featuredmedia":[{"embeddable":true,"href":"https:\/\/mto-kr.pl\/en\/wp-json\/wp\/v2\/media\/675"}],"wp:attachment":[{"href":"https:\/\/mto-kr.pl\/en\/wp-json\/wp\/v2\/media?parent=666"}],"wp:term":[{"taxonomy":"category","embeddable":true,"href":"https:\/\/mto-kr.pl\/en\/wp-json\/wp\/v2\/categories?post=666"},{"taxonomy":"post_tag","embeddable":true,"href":"https:\/\/mto-kr.pl\/en\/wp-json\/wp\/v2\/tags?post=666"}],"curies":[{"name":"wp","href":"https:\/\/api.w.org\/{rel}","templated":true}]}}