{"id":681,"date":"2018-03-22T23:28:52","date_gmt":"2018-03-22T22:28:52","guid":{"rendered":"https:\/\/mto-kr.pl\/?p=681"},"modified":"2018-03-22T23:29:05","modified_gmt":"2018-03-22T22:29:05","slug":"wiosenny-zjazd-mto-fotogaleria","status":"publish","type":"post","link":"https:\/\/mto-kr.pl\/en\/2018\/03\/22\/wiosenny-zjazd-mto-fotogaleria\/","title":{"rendered":"Wiosenny zjazd MTO &#8211; fotogaleria"},"content":{"rendered":"<p style=\"text-align: justify;\"><strong>Zapraszamy do obejrzenia fotogalerii z wiosennego zjazdu Ma\u0142opolskiego Towarzystwa Ornitologicznego, kt\u00f3ry odby\u0142 si\u0119 w dniach 16-18 marca br. w Gruszowie. Autorem zdj\u0119\u0107 jest pan Andrzej Chwierut.<\/strong><\/p>\n<p>Zobacz tak\u017ce relacj\u0119 ze zjazdu:\u00a0<a href=\"https:\/\/mto-kr.pl\/en\/2018\/03\/20\/ornitolodzy-szkolili-sie-w-gruszowie\/\">Ornitolodzy szkolili si\u0119 w Gruszowie<\/a>.<\/p>\n\n\t\t<style>\n\t\t\t#gallery-1 {\n\t\t\t\tmargin: auto;\n\t\t\t}\n\t\t\t#gallery-1 .gallery-item {\n\t\t\t\tfloat: left;\n\t\t\t\tmargin-top: 10px;\n\t\t\t\ttext-align: center;\n\t\t\t\twidth: 20%;\n\t\t\t}\n\t\t\t#gallery-1 img {\n\t\t\t\tborder: 2px solid #cfcfcf;\n\t\t\t}\n\t\t\t#gallery-1 .gallery-caption {\n\t\t\t\tmargin-left: 0;\n\t\t\t}\n\t\t\t\/* see gallery_shortcode() in wp-includes\/media.php *\/\n\t\t<\/style>\n\t\t<div id='gallery-1' class='gallery galleryid-681 gallery-columns-5 gallery-size-thumbnail'><dl class='gallery-item'>\n\t\t\t<dt class='gallery-icon landscape'>\n\t\t\t\t<a href='https:\/\/mto-kr.pl\/wp-content\/uploads\/2018\/03\/Copy-DSC_3705.jpg'><img loading=\"lazy\" decoding=\"async\" width=\"150\" height=\"150\" src=\"https:\/\/mto-kr.pl\/wp-content\/uploads\/2018\/03\/Copy-DSC_3705-150x150.jpg\" class=\"attachment-thumbnail size-thumbnail\" alt=\"Wiosenny zjazd MTO (fot. Andrzej Chwierut)\" \/><\/a>\n\t\t\t<\/dt><\/dl><dl class='gallery-item'>\n\t\t\t<dt class='gallery-icon landscape'>\n\t\t\t\t<a href='https:\/\/mto-kr.pl\/wp-content\/uploads\/2018\/03\/Copy-DSC_3726.jpg'><img loading=\"lazy\" decoding=\"async\" width=\"150\" height=\"150\" src=\"https:\/\/mto-kr.pl\/wp-content\/uploads\/2018\/03\/Copy-DSC_3726-150x150.jpg\" class=\"attachment-thumbnail size-thumbnail\" alt=\"Wiosenny zjazd MTO (fot. Andrzej Chwierut)\" \/><\/a>\n\t\t\t<\/dt><\/dl><dl class='gallery-item'>\n\t\t\t<dt class='gallery-icon landscape'>\n\t\t\t\t<a href='https:\/\/mto-kr.pl\/wp-content\/uploads\/2018\/03\/DSC_3633.jpg'><img loading=\"lazy\" decoding=\"async\" width=\"150\" height=\"150\" src=\"https:\/\/mto-kr.pl\/wp-content\/uploads\/2018\/03\/DSC_3633-150x150.jpg\" class=\"attachment-thumbnail size-thumbnail\" alt=\"Wiosenny zjazd MTO (fot. Andrzej Chwierut)\" \/><\/a>\n\t\t\t<\/dt><\/dl><dl class='gallery-item'>\n\t\t\t<dt class='gallery-icon landscape'>\n\t\t\t\t<a href='https:\/\/mto-kr.pl\/wp-content\/uploads\/2018\/03\/DSC_3634.jpg'><img loading=\"lazy\" decoding=\"async\" width=\"150\" height=\"150\" src=\"https:\/\/mto-kr.pl\/wp-content\/uploads\/2018\/03\/DSC_3634-150x150.jpg\" class=\"attachment-thumbnail size-thumbnail\" alt=\"Wiosenny zjazd MTO (fot. Andrzej Chwierut)\" \/><\/a>\n\t\t\t<\/dt><\/dl><dl class='gallery-item'>\n\t\t\t<dt class='gallery-icon landscape'>\n\t\t\t\t<a href='https:\/\/mto-kr.pl\/wp-content\/uploads\/2018\/03\/DSC_3640a.jpg'><img loading=\"lazy\" decoding=\"async\" width=\"150\" height=\"150\" src=\"https:\/\/mto-kr.pl\/wp-content\/uploads\/2018\/03\/DSC_3640a-150x150.jpg\" class=\"attachment-thumbnail size-thumbnail\" alt=\"Wiosenny zjazd MTO (fot. Andrzej Chwierut)\" \/><\/a>\n\t\t\t<\/dt><\/dl><br style=\"clear: both\" \/><dl class='gallery-item'>\n\t\t\t<dt class='gallery-icon landscape'>\n\t\t\t\t<a href='https:\/\/mto-kr.pl\/wp-content\/uploads\/2018\/03\/DSC_3646.jpg'><img loading=\"lazy\" decoding=\"async\" width=\"150\" height=\"150\" src=\"https:\/\/mto-kr.pl\/wp-content\/uploads\/2018\/03\/DSC_3646-150x150.jpg\" class=\"attachment-thumbnail size-thumbnail\" alt=\"Wiosenny zjazd MTO (fot. Andrzej Chwierut)\" \/><\/a>\n\t\t\t<\/dt><\/dl><dl class='gallery-item'>\n\t\t\t<dt class='gallery-icon landscape'>\n\t\t\t\t<a href='https:\/\/mto-kr.pl\/wp-content\/uploads\/2018\/03\/DSC_3647.jpg'><img loading=\"lazy\" decoding=\"async\" width=\"150\" height=\"150\" src=\"https:\/\/mto-kr.pl\/wp-content\/uploads\/2018\/03\/DSC_3647-150x150.jpg\" class=\"attachment-thumbnail size-thumbnail\" alt=\"Wiosenny zjazd MTO (fot. Andrzej Chwierut)\" \/><\/a>\n\t\t\t<\/dt><\/dl><dl class='gallery-item'>\n\t\t\t<dt class='gallery-icon landscape'>\n\t\t\t\t<a href='https:\/\/mto-kr.pl\/wp-content\/uploads\/2018\/03\/DSC_3651.jpg'><img loading=\"lazy\" decoding=\"async\" width=\"150\" height=\"150\" src=\"https:\/\/mto-kr.pl\/wp-content\/uploads\/2018\/03\/DSC_3651-150x150.jpg\" class=\"attachment-thumbnail size-thumbnail\" alt=\"Wiosenny zjazd MTO (fot. Andrzej Chwierut)\" \/><\/a>\n\t\t\t<\/dt><\/dl><dl class='gallery-item'>\n\t\t\t<dt class='gallery-icon landscape'>\n\t\t\t\t<a href='https:\/\/mto-kr.pl\/wp-content\/uploads\/2018\/03\/DSC_3652.jpg'><img loading=\"lazy\" decoding=\"async\" width=\"150\" height=\"150\" src=\"https:\/\/mto-kr.pl\/wp-content\/uploads\/2018\/03\/DSC_3652-150x150.jpg\" class=\"attachment-thumbnail size-thumbnail\" alt=\"Wiosenny zjazd MTO (fot. Andrzej Chwierut)\" \/><\/a>\n\t\t\t<\/dt><\/dl><dl class='gallery-item'>\n\t\t\t<dt class='gallery-icon landscape'>\n\t\t\t\t<a href='https:\/\/mto-kr.pl\/wp-content\/uploads\/2018\/03\/DSC_3653.jpg'><img loading=\"lazy\" decoding=\"async\" width=\"150\" height=\"150\" src=\"https:\/\/mto-kr.pl\/wp-content\/uploads\/2018\/03\/DSC_3653-150x150.jpg\" class=\"attachment-thumbnail size-thumbnail\" alt=\"Wiosenny zjazd MTO (fot. Andrzej Chwierut)\" \/><\/a>\n\t\t\t<\/dt><\/dl><br style=\"clear: both\" \/><dl class='gallery-item'>\n\t\t\t<dt class='gallery-icon landscape'>\n\t\t\t\t<a href='https:\/\/mto-kr.pl\/wp-content\/uploads\/2018\/03\/DSC_3655.jpg'><img loading=\"lazy\" decoding=\"async\" width=\"150\" height=\"150\" src=\"https:\/\/mto-kr.pl\/wp-content\/uploads\/2018\/03\/DSC_3655-150x150.jpg\" class=\"attachment-thumbnail size-thumbnail\" alt=\"Wiosenny zjazd MTO (fot. Andrzej Chwierut)\" \/><\/a>\n\t\t\t<\/dt><\/dl><dl class='gallery-item'>\n\t\t\t<dt class='gallery-icon landscape'>\n\t\t\t\t<a href='https:\/\/mto-kr.pl\/wp-content\/uploads\/2018\/03\/DSC_3662a.jpg'><img loading=\"lazy\" decoding=\"async\" width=\"150\" height=\"150\" src=\"https:\/\/mto-kr.pl\/wp-content\/uploads\/2018\/03\/DSC_3662a-150x150.jpg\" class=\"attachment-thumbnail size-thumbnail\" alt=\"Wiosenny zjazd MTO (fot. Andrzej Chwierut)\" \/><\/a>\n\t\t\t<\/dt><\/dl><dl class='gallery-item'>\n\t\t\t<dt class='gallery-icon landscape'>\n\t\t\t\t<a href='https:\/\/mto-kr.pl\/wp-content\/uploads\/2018\/03\/DSC_3685.jpg'><img loading=\"lazy\" decoding=\"async\" width=\"150\" height=\"150\" src=\"https:\/\/mto-kr.pl\/wp-content\/uploads\/2018\/03\/DSC_3685-150x150.jpg\" class=\"attachment-thumbnail size-thumbnail\" alt=\"Wiosenny zjazd MTO (fot. Andrzej Chwierut)\" \/><\/a>\n\t\t\t<\/dt><\/dl><dl class='gallery-item'>\n\t\t\t<dt class='gallery-icon landscape'>\n\t\t\t\t<a href='https:\/\/mto-kr.pl\/wp-content\/uploads\/2018\/03\/DSC_3689.jpg'><img loading=\"lazy\" decoding=\"async\" width=\"150\" height=\"150\" src=\"https:\/\/mto-kr.pl\/wp-content\/uploads\/2018\/03\/DSC_3689-150x150.jpg\" class=\"attachment-thumbnail size-thumbnail\" alt=\"Wiosenny zjazd MTO (fot. Andrzej Chwierut)\" \/><\/a>\n\t\t\t<\/dt><\/dl><dl class='gallery-item'>\n\t\t\t<dt class='gallery-icon landscape'>\n\t\t\t\t<a href='https:\/\/mto-kr.pl\/wp-content\/uploads\/2018\/03\/DSC_3690a.jpg'><img loading=\"lazy\" decoding=\"async\" width=\"150\" height=\"150\" src=\"https:\/\/mto-kr.pl\/wp-content\/uploads\/2018\/03\/DSC_3690a-150x150.jpg\" class=\"attachment-thumbnail size-thumbnail\" alt=\"Wiosenny zjazd MTO (fot. Andrzej Chwierut)\" \/><\/a>\n\t\t\t<\/dt><\/dl><br style=\"clear: both\" \/><dl class='gallery-item'>\n\t\t\t<dt class='gallery-icon landscape'>\n\t\t\t\t<a href='https:\/\/mto-kr.pl\/wp-content\/uploads\/2018\/03\/DSC_3716a.jpg'><img loading=\"lazy\" decoding=\"async\" width=\"150\" height=\"150\" src=\"https:\/\/mto-kr.pl\/wp-content\/uploads\/2018\/03\/DSC_3716a-150x150.jpg\" class=\"attachment-thumbnail size-thumbnail\" alt=\"Wiosenny zjazd MTO (fot. Andrzej Chwierut)\" \/><\/a>\n\t\t\t<\/dt><\/dl><dl class='gallery-item'>\n\t\t\t<dt class='gallery-icon landscape'>\n\t\t\t\t<a href='https:\/\/mto-kr.pl\/wp-content\/uploads\/2018\/03\/DSC_3721a.jpg'><img loading=\"lazy\" decoding=\"async\" width=\"150\" height=\"150\" src=\"https:\/\/mto-kr.pl\/wp-content\/uploads\/2018\/03\/DSC_3721a-150x150.jpg\" class=\"attachment-thumbnail size-thumbnail\" alt=\"Wiosenny zjazd MTO (fot. Andrzej Chwierut)\" \/><\/a>\n\t\t\t<\/dt><\/dl><dl class='gallery-item'>\n\t\t\t<dt class='gallery-icon landscape'>\n\t\t\t\t<a href='https:\/\/mto-kr.pl\/wp-content\/uploads\/2018\/03\/DSC_3723a.jpg'><img loading=\"lazy\" decoding=\"async\" width=\"150\" height=\"150\" src=\"https:\/\/mto-kr.pl\/wp-content\/uploads\/2018\/03\/DSC_3723a-150x150.jpg\" class=\"attachment-thumbnail size-thumbnail\" alt=\"Wiosenny zjazd MTO (fot. Andrzej Chwierut)\" \/><\/a>\n\t\t\t<\/dt><\/dl><dl class='gallery-item'>\n\t\t\t<dt class='gallery-icon portrait'>\n\t\t\t\t<a href='https:\/\/mto-kr.pl\/wp-content\/uploads\/2018\/03\/DSC_3731a.jpg'><img loading=\"lazy\" decoding=\"async\" width=\"150\" height=\"150\" src=\"https:\/\/mto-kr.pl\/wp-content\/uploads\/2018\/03\/DSC_3731a-150x150.jpg\" class=\"attachment-thumbnail size-thumbnail\" alt=\"Wiosenny zjazd MTO (fot. Andrzej Chwierut)\" \/><\/a>\n\t\t\t<\/dt><\/dl><dl class='gallery-item'>\n\t\t\t<dt class='gallery-icon landscape'>\n\t\t\t\t<a href='https:\/\/mto-kr.pl\/wp-content\/uploads\/2018\/03\/DSC_3735a.jpg'><img loading=\"lazy\" decoding=\"async\" width=\"150\" height=\"150\" src=\"https:\/\/mto-kr.pl\/wp-content\/uploads\/2018\/03\/DSC_3735a-150x150.jpg\" class=\"attachment-thumbnail size-thumbnail\" alt=\"Wiosenny zjazd MTO (fot. Andrzej Chwierut)\" \/><\/a>\n\t\t\t<\/dt><\/dl><br style=\"clear: both\" \/>\n\t\t<\/div>","protected":false},"excerpt":{"rendered":"<p>Zapraszamy do obejrzenia fotogalerii z wiosennego zjazdu Ma\u0142opolskiego Towarzystwa Ornitologicznego, kt\u00f3ry odby\u0142 si\u0119 w dniach 16-18 marca br. w Gruszowie. Autorem zdj\u0119\u0107 jest pan Andrzej Chwierut. Zobacz tak\u017ce relacj\u0119 ze zjazdu:\u00a0Ornitolodzy szkolili si\u0119 w Gruszowie. <a class=\"continue-reading-link\" href=\"https:\/\/mto-kr.pl\/en\/2018\/03\/22\/wiosenny-zjazd-mto-fotogaleria\/\">Czytaj dalej&#8230;<\/a><\/p>","protected":false},"author":1,"featured_media":686,"comment_status":"closed","ping_status":"open","sticky":false,"template":"","format":"standard","meta":{"_monsterinsights_skip_tracking":false,"footnotes":""},"categories":[4,7],"tags":[],"class_list":["post-681","post","type-post","status-publish","format-standard","has-post-thumbnail","hentry","category-aktualnosci","category-foto"],"_links":{"self":[{"href":"https:\/\/mto-kr.pl\/en\/wp-json\/wp\/v2\/posts\/681","targetHints":{"allow":["GET"]}}],"collection":[{"href":"https:\/\/mto-kr.pl\/en\/wp-json\/wp\/v2\/posts"}],"about":[{"href":"https:\/\/mto-kr.pl\/en\/wp-json\/wp\/v2\/types\/post"}],"author":[{"embeddable":true,"href":"https:\/\/mto-kr.pl\/en\/wp-json\/wp\/v2\/users\/1"}],"replies":[{"embeddable":true,"href":"https:\/\/mto-kr.pl\/en\/wp-json\/wp\/v2\/comments?post=681"}],"version-history":[{"count":4,"href":"https:\/\/mto-kr.pl\/en\/wp-json\/wp\/v2\/posts\/681\/revisions"}],"predecessor-version":[{"id":706,"href":"https:\/\/mto-kr.pl\/en\/wp-json\/wp\/v2\/posts\/681\/revisions\/706"}],"wp:featuredmedia":[{"embeddable":true,"href":"https:\/\/mto-kr.pl\/en\/wp-json\/wp\/v2\/media\/686"}],"wp:attachment":[{"href":"https:\/\/mto-kr.pl\/en\/wp-json\/wp\/v2\/media?parent=681"}],"wp:term":[{"taxonomy":"category","embeddable":true,"href":"https:\/\/mto-kr.pl\/en\/wp-json\/wp\/v2\/categories?post=681"},{"taxonomy":"post_tag","embeddable":true,"href":"https:\/\/mto-kr.pl\/en\/wp-json\/wp\/v2\/tags?post=681"}],"curies":[{"name":"wp","href":"https:\/\/api.w.org\/{rel}","templated":true}]}}