{"id":709,"date":"2018-04-11T10:13:05","date_gmt":"2018-04-11T08:13:05","guid":{"rendered":"https:\/\/mto-kr.pl\/?p=709"},"modified":"2018-04-11T10:16:05","modified_gmt":"2018-04-11T08:16:05","slug":"sowia-noc-w-wal-rudzie","status":"publish","type":"post","link":"https:\/\/mto-kr.pl\/en\/2018\/04\/11\/sowia-noc-w-wal-rudzie\/","title":{"rendered":"Sowia Noc w Wa\u0142-Rudzie"},"content":{"rendered":"<p style=\"text-align: justify;\"><a href=\"https:\/\/mto-kr.pl\/wp-content\/uploads\/2018\/04\/FB_IMG_1523385139752.jpg\"><img loading=\"lazy\" decoding=\"async\" class=\"alignleft size-medium wp-image-710\" src=\"https:\/\/mto-kr.pl\/wp-content\/uploads\/2018\/04\/FB_IMG_1523385139752-214x300.jpg\" alt=\"\" width=\"214\" height=\"300\" srcset=\"https:\/\/mto-kr.pl\/wp-content\/uploads\/2018\/04\/FB_IMG_1523385139752-214x300.jpg 214w, https:\/\/mto-kr.pl\/wp-content\/uploads\/2018\/04\/FB_IMG_1523385139752-249x350.jpg 249w, https:\/\/mto-kr.pl\/wp-content\/uploads\/2018\/04\/FB_IMG_1523385139752-107x150.jpg 107w, https:\/\/mto-kr.pl\/wp-content\/uploads\/2018\/04\/FB_IMG_1523385139752.jpg 720w\" sizes=\"auto, (max-width: 214px) 100vw, 214px\" \/><\/a><strong>Zapraszamy do uczestnictwa nocnej wycieczce ornitologicznej w poszukiwaniu s\u00f3w, kt\u00f3ra odb\u0119dzie si\u0119 w pi\u0105tek, 13 kwietnia o godzinie 19:00 w miejscowo\u015bci Wa\u0142-Ruda.<\/strong><\/p>\n<p style=\"text-align: justify;\">Wycieczk\u0119 zatytu\u0142owan\u0105 &#8222;Sowia Noc&#8221; prowadzi\u0107 b\u0119dzie ornitolog Micha\u0142 Molicki, w ostatnim czasie zajmuj\u0105cy si\u0119 m.in. <a href=\"https:\/\/mto-kr.pl\/en\/2018\/01\/12\/przyrodnik-z-proszowic-bedzie-szukal-sow-na-koscielnych-wiezach\/\">wyszukiwaniem w naszym regionie stanowisk p\u0142omyk\u00f3wki<\/a>.<\/p>\n<p style=\"text-align: justify;\">Zbi\u00f3rka o godzinie 19:00 w miejscowo\u015bci Wa\u0142-Ruda (pow. tarnowski), na zatoczce przy lesie, niedaleko \u017cwirowni. Na miejsce zbi\u00f3rki trzeba dojecha\u0107 we w\u0142asnym zakresie. W celu zg\u0142oszenia swojego udzia\u0142u w wycieczce nale\u017cy skontaktowa\u0107 si\u0119 z prowadz\u0105cym, Micha\u0142em Molickim (510-433-918,\u00a0<a href=\"mailto:birdwalkermolicki@gmail.com\">birdwalkermolicki@gmail.com<\/a>).<\/p>\n<p style=\"text-align: justify;\">Na wycieczk\u0119 nale\u017cy zabra\u0107 ze sob\u0105 latarki, co\u015b do jedzenia i co\u015b do picia oraz odpowiedni\u0105 odzie\u017c do lasu. Pami\u0119tajmy, \u017ce mimo ciep\u0142ych dni, noc w lesie mo\u017ce by\u0107 ch\u0142odna.<\/p>\n<p style=\"text-align: justify;\">Serdecznie zapraszamy!<\/p>","protected":false},"excerpt":{"rendered":"<p>Zapraszamy do uczestnictwa nocnej wycieczce ornitologicznej w poszukiwaniu s\u00f3w, kt\u00f3ra odb\u0119dzie si\u0119 w pi\u0105tek, 13 kwietnia o godzinie 19:00 w miejscowo\u015bci Wa\u0142-Ruda. Wycieczk\u0119 zatytu\u0142owan\u0105 &#8222;Sowia Noc&#8221; prowadzi\u0107 b\u0119dzie ornitolog Micha\u0142 Molicki, w ostatnim czasie zajmuj\u0105cy si\u0119 m.in. wyszukiwaniem w naszym regionie stanowisk p\u0142omyk\u00f3wki. Zbi\u00f3rka o godzinie 19:00 w miejscowo\u015bci Wa\u0142-Ruda (pow. tarnowski), na zatoczce przy lesie, niedaleko \u017cwirowni. Na miejsce zbi\u00f3rki trzeba dojecha\u0107 we w\u0142asnym zakresie. W celu zg\u0142oszenia swojego udzia\u0142u w wycieczce nale\u017cy skontaktowa\u0107 si\u0119 z prowadz\u0105cym, Micha\u0142em Molickim (510-433-918,\u00a0birdwalkermolicki@gmail.com). Na wycieczk\u0119 nale\u017cy zabra\u0107 ze sob\u0105 latarki, co\u015b do jedzenia i co\u015b do picia oraz odpowiedni\u0105 odzie\u017c do lasu.\u2026 <a class=\"continue-reading-link\" href=\"https:\/\/mto-kr.pl\/en\/2018\/04\/11\/sowia-noc-w-wal-rudzie\/\">Czytaj dalej&#8230;<\/a><\/p>","protected":false},"author":1,"featured_media":710,"comment_status":"closed","ping_status":"open","sticky":false,"template":"","format":"standard","meta":{"_monsterinsights_skip_tracking":false,"footnotes":""},"categories":[4],"tags":[],"class_list":["post-709","post","type-post","status-publish","format-standard","has-post-thumbnail","hentry","category-aktualnosci"],"_links":{"self":[{"href":"https:\/\/mto-kr.pl\/en\/wp-json\/wp\/v2\/posts\/709","targetHints":{"allow":["GET"]}}],"collection":[{"href":"https:\/\/mto-kr.pl\/en\/wp-json\/wp\/v2\/posts"}],"about":[{"href":"https:\/\/mto-kr.pl\/en\/wp-json\/wp\/v2\/types\/post"}],"author":[{"embeddable":true,"href":"https:\/\/mto-kr.pl\/en\/wp-json\/wp\/v2\/users\/1"}],"replies":[{"embeddable":true,"href":"https:\/\/mto-kr.pl\/en\/wp-json\/wp\/v2\/comments?post=709"}],"version-history":[{"count":3,"href":"https:\/\/mto-kr.pl\/en\/wp-json\/wp\/v2\/posts\/709\/revisions"}],"predecessor-version":[{"id":713,"href":"https:\/\/mto-kr.pl\/en\/wp-json\/wp\/v2\/posts\/709\/revisions\/713"}],"wp:featuredmedia":[{"embeddable":true,"href":"https:\/\/mto-kr.pl\/en\/wp-json\/wp\/v2\/media\/710"}],"wp:attachment":[{"href":"https:\/\/mto-kr.pl\/en\/wp-json\/wp\/v2\/media?parent=709"}],"wp:term":[{"taxonomy":"category","embeddable":true,"href":"https:\/\/mto-kr.pl\/en\/wp-json\/wp\/v2\/categories?post=709"},{"taxonomy":"post_tag","embeddable":true,"href":"https:\/\/mto-kr.pl\/en\/wp-json\/wp\/v2\/tags?post=709"}],"curies":[{"name":"wp","href":"https:\/\/api.w.org\/{rel}","templated":true}]}}