{"id":733,"date":"2018-07-03T15:37:37","date_gmt":"2018-07-03T13:37:37","guid":{"rendered":"https:\/\/mto-kr.pl\/?p=733"},"modified":"2018-11-03T10:52:32","modified_gmt":"2018-11-03T09:52:32","slug":"nie-masz-planow-na-wakacje-otworz-sie-na-przyrode","status":"publish","type":"post","link":"https:\/\/mto-kr.pl\/en\/2018\/07\/03\/nie-masz-planow-na-wakacje-otworz-sie-na-przyrode\/","title":{"rendered":"Nie masz plan\u00f3w na wakacje? Otw\u00f3rz si\u0119 na przyrod\u0119!"},"content":{"rendered":"<div id=\"attachment_736\" style=\"width: 310px\" class=\"wp-caption alignleft\"><a href=\"https:\/\/mto-kr.pl\/wp-content\/uploads\/2018\/07\/dziwonia1.jpg\"><img loading=\"lazy\" decoding=\"async\" aria-describedby=\"caption-attachment-736\" class=\"size-medium wp-image-736\" src=\"https:\/\/mto-kr.pl\/wp-content\/uploads\/2018\/07\/dziwonia1-300x200.jpg\" alt=\"Dziwonia (fot. J.Wyka)\" width=\"300\" height=\"200\" srcset=\"https:\/\/mto-kr.pl\/wp-content\/uploads\/2018\/07\/dziwonia1-300x200.jpg 300w, https:\/\/mto-kr.pl\/wp-content\/uploads\/2018\/07\/dziwonia1-768x512.jpg 768w, https:\/\/mto-kr.pl\/wp-content\/uploads\/2018\/07\/dziwonia1-1024x683.jpg 1024w, https:\/\/mto-kr.pl\/wp-content\/uploads\/2018\/07\/dziwonia1-525x350.jpg 525w, https:\/\/mto-kr.pl\/wp-content\/uploads\/2018\/07\/dziwonia1-150x100.jpg 150w, https:\/\/mto-kr.pl\/wp-content\/uploads\/2018\/07\/dziwonia1.jpg 1200w\" sizes=\"auto, (max-width: 300px) 100vw, 300px\" \/><\/a><p id=\"caption-attachment-736\" class=\"wp-caption-text\">Dziwonia (fot. J.Wyka)<\/p><\/div>\n<p style=\"text-align: justify;\"><strong>Czas letniego, wakacyjnego odpoczynku to doskona\u0142a okazja by sp\u0119dzi\u0107 czas na \u015bwie\u017cym powietrzu i obcowa\u0107 z nasz\u0105 pi\u0119kn\u0105 przyrod\u0105. Nie trzeba by\u0107 przyrodnikiem z wykszta\u0142cenia, by m\u00f3c ws\u0142ucha\u0107 si\u0119 w szum potoku, wiatr przenikaj\u0105cy przez li\u015bcie drzew, bzyczenie owad\u00f3w, czy ptasie trele. Lipiec to \u015bwietny czas na podgl\u0105danie uwijaj\u0105cych si\u0119 w zdobywaniu pokarmu ptaki, kt\u00f3re dwoj\u0105 si\u0119 i troj\u0105 by wykarmi\u0107 swoje piskl\u0119ta.\u00a0<\/strong><\/p>\n<p style=\"text-align: justify;\">Do obserwowania ptak\u00f3w wystarczy wprawne oko, cho\u0107 przydatna mo\u017ce by\u0107 te\u017c lornetka albo aparat fotograficzny, kt\u00f3ry mo\u017ce pom\u00f3c dostrzec szczeg\u00f3\u0142y np. w upierzeniu danego ptaka, dzi\u0119ki czemu b\u0119dziemy mogli spr\u00f3bowa\u0107 oznaczy\u0107 gatunek. W rozpoznaniu poszczeg\u00f3lnych ptak\u00f3w mog\u0105 pom\u00f3c dost\u0119pne w ka\u017cdej ksi\u0119garni kieszonkowe atlasy, internetowy atlas ptak\u00f3w, czy coraz powszechniejsze fora internetowe, m.in. <a href=\"https:\/\/groups.google.com\/forum\/#!forum\/region_m\">lista dyskusyjna Ma\u0142opolskiego Towarzystwa Ornitologicznego<\/a>, na kt\u00f3rej swoimi obserwacjami i spostrze\u017ceniami dziel\u0105 si\u0119 mi\u0142o\u015bnicy ptak\u00f3w z wojew\u00f3dztw: ma\u0142opolskiego, podkarpackiego, \u015bwi\u0119tokrzyskiego oraz wschodniej cz\u0119\u015bci wojew\u00f3dztwa \u015bl\u0105skiego.<\/p>\n<p style=\"text-align: justify;\">Z czasem, gdy nabierze si\u0119 nieco do\u015bwiadczenia, a rozpoznawanie prostych gatunk\u00f3w ptak\u00f3w nie sprawia nam ju\u017c zbytnich problem\u00f3w, mo\u017cna pokusi\u0107 si\u0119 o wprowadzanie swoich obserwacji do <a href=\"http:\/\/www.iop.krakow.pl\/dbPtak\/atlas\">internetowych baz obserwacji<\/a>, przyczyniaj\u0105c si\u0119 tym samym do rozwoju rozwoju wiedzy przyrodniczej w Polsce. Dzi\u0119ki pomocy wolontariuszy, kt\u00f3rzy przekazuj\u0105 swoje obserwacje ptak\u00f3w, powstaje m.in. <a href=\"http:\/\/www.iop.krakow.pl\/dbPtak\/atlas\">Atlas ptak\u00f3w l\u0119gowych i zimuj\u0105cych Polski po\u0142udniowo-wschodniej 2014-2020<\/a>.<\/p>\n<p style=\"text-align: justify;\">Najwa\u017cniejszy jest ten pierwszy krok, czyli wyj\u015bcie z domu. Samemu, z partnerem, przyjaci\u00f3\u0142mi czy z psem. Nie musi to by\u0107 ca\u0142odniowy wyjazd do parku narodowego, czasem wystarczy tylko na kilka chwil wybra\u0107 si\u0119 kawa\u0142ek za miasto i rozejrze\u0107 si\u0119 dooko\u0142a. Wtedy pozna si\u0119 niesamowity \u015bwiat przyrody, ze scenami niczym z najlepszych film\u00f3w. Spr\u00f3buj, bo warto!<\/p>\n<p style=\"text-align: right;\"><em>Jakub Wyka<br \/>\nPtak widoczny na zdj\u0119ciu to dziwonia (Carpodacus erythrinus)<\/em><\/p>\n<p style=\"text-align: justify;\">","protected":false},"excerpt":{"rendered":"<p>Czas letniego, wakacyjnego odpoczynku to doskona\u0142a okazja by sp\u0119dzi\u0107 czas na \u015bwie\u017cym powietrzu i obcowa\u0107 z nasz\u0105 pi\u0119kn\u0105 przyrod\u0105. Nie trzeba by\u0107 przyrodnikiem z wykszta\u0142cenia, by m\u00f3c ws\u0142ucha\u0107 si\u0119 w szum potoku, wiatr przenikaj\u0105cy przez li\u015bcie drzew, bzyczenie owad\u00f3w, czy ptasie trele. Lipiec to \u015bwietny czas na podgl\u0105danie uwijaj\u0105cych si\u0119 w zdobywaniu pokarmu ptaki, kt\u00f3re dwoj\u0105 si\u0119 i troj\u0105 by wykarmi\u0107 swoje piskl\u0119ta.\u00a0 Do obserwowania ptak\u00f3w wystarczy wprawne oko, cho\u0107 przydatna mo\u017ce by\u0107 te\u017c lornetka albo aparat fotograficzny, kt\u00f3ry mo\u017ce pom\u00f3c dostrzec szczeg\u00f3\u0142y np. w upierzeniu danego ptaka, dzi\u0119ki czemu b\u0119dziemy mogli spr\u00f3bowa\u0107 oznaczy\u0107 gatunek. W rozpoznaniu poszczeg\u00f3lnych ptak\u00f3w mog\u0105\u2026 <a class=\"continue-reading-link\" href=\"https:\/\/mto-kr.pl\/en\/2018\/07\/03\/nie-masz-planow-na-wakacje-otworz-sie-na-przyrode\/\">Czytaj dalej&#8230;<\/a><\/p>","protected":false},"author":1,"featured_media":736,"comment_status":"closed","ping_status":"open","sticky":false,"template":"","format":"standard","meta":{"_monsterinsights_skip_tracking":false,"footnotes":""},"categories":[4],"tags":[],"class_list":["post-733","post","type-post","status-publish","format-standard","has-post-thumbnail","hentry","category-aktualnosci"],"_links":{"self":[{"href":"https:\/\/mto-kr.pl\/en\/wp-json\/wp\/v2\/posts\/733","targetHints":{"allow":["GET"]}}],"collection":[{"href":"https:\/\/mto-kr.pl\/en\/wp-json\/wp\/v2\/posts"}],"about":[{"href":"https:\/\/mto-kr.pl\/en\/wp-json\/wp\/v2\/types\/post"}],"author":[{"embeddable":true,"href":"https:\/\/mto-kr.pl\/en\/wp-json\/wp\/v2\/users\/1"}],"replies":[{"embeddable":true,"href":"https:\/\/mto-kr.pl\/en\/wp-json\/wp\/v2\/comments?post=733"}],"version-history":[{"count":4,"href":"https:\/\/mto-kr.pl\/en\/wp-json\/wp\/v2\/posts\/733\/revisions"}],"predecessor-version":[{"id":740,"href":"https:\/\/mto-kr.pl\/en\/wp-json\/wp\/v2\/posts\/733\/revisions\/740"}],"wp:featuredmedia":[{"embeddable":true,"href":"https:\/\/mto-kr.pl\/en\/wp-json\/wp\/v2\/media\/736"}],"wp:attachment":[{"href":"https:\/\/mto-kr.pl\/en\/wp-json\/wp\/v2\/media?parent=733"}],"wp:term":[{"taxonomy":"category","embeddable":true,"href":"https:\/\/mto-kr.pl\/en\/wp-json\/wp\/v2\/categories?post=733"},{"taxonomy":"post_tag","embeddable":true,"href":"https:\/\/mto-kr.pl\/en\/wp-json\/wp\/v2\/tags?post=733"}],"curies":[{"name":"wp","href":"https:\/\/api.w.org\/{rel}","templated":true}]}}