{"id":751,"date":"2018-10-21T10:06:50","date_gmt":"2018-10-21T08:06:50","guid":{"rendered":"https:\/\/mto-kr.pl\/?p=751"},"modified":"2018-11-03T10:52:27","modified_gmt":"2018-11-03T09:52:27","slug":"zderzenia-ptakow-z-szybami","status":"publish","type":"post","link":"https:\/\/mto-kr.pl\/en\/2018\/10\/21\/zderzenia-ptakow-z-szybami\/","title":{"rendered":"Zderzenia ptak\u00f3w z szybami"},"content":{"rendered":"<p style=\"text-align: justify;\"><strong><img loading=\"lazy\" decoding=\"async\" class=\"alignleft size-medium wp-image-752\" src=\"https:\/\/mto-kr.pl\/wp-content\/uploads\/2018\/10\/szyba-300x149.jpg\" alt=\"\" width=\"300\" height=\"149\" srcset=\"https:\/\/mto-kr.pl\/wp-content\/uploads\/2018\/10\/szyba-300x149.jpg 300w, https:\/\/mto-kr.pl\/wp-content\/uploads\/2018\/10\/szyba.jpg 700w, https:\/\/mto-kr.pl\/wp-content\/uploads\/2018\/10\/szyba-150x75.jpg 150w\" sizes=\"auto, (max-width: 300px) 100vw, 300px\" \/>Do\u015b\u0107 powszechnie mamy do czynienia ze zderzeniami ptak\u00f3w z przezroczystymi powierzchniami. Ptaki zderzaj\u0105 si\u0119 z nimi gdy\u017c wydaje im si\u0119, \u017ce mog\u0105 przez nie przelecie\u0107 lub widz\u0105 w nich odbicie krajobrazu, jak w lustrze.<\/strong><\/p>\n<p style=\"text-align: justify;\">Z problemem tym powszechnie radz\u0105 sobie wykonawcy nowych ekran\u00f3w akustycznych, przyklejaj\u0105c pionowe paski (bia\u0142e lub czarne). Co prawda, jeszcze wiele ekran\u00f3w ma naklejone sylwetki ptak\u00f3w drapie\u017cnych, kt\u00f3re niestety nie chroni\u0105 przed zderzeniami. By takie ekrany oklei\u0107 pionowymi paskami potrzebna jest aktywno\u015b\u0107 spo\u0142eczna mieszka\u0144c\u00f3w &#8211; zg\u0142aszanie problemu m.in. do urz\u0119d\u00f3w gmin.<\/p>\n<p style=\"text-align: justify;\">Natomiast pozostaje problem zderze\u0144 z szybami budynk\u00f3w indywidualnych, biurowych i innych. Takie zdarzenia maj\u0105 najcz\u0119\u015bciej miejsce w okresie migracji wiosennej i jesiennej (w\u0142a\u015bnie teraz!) oraz w okresie, gdy m\u0142ode ptaki opuszczaj\u0105 gniazda.<\/p>\n<p style=\"text-align: justify;\">Opracowuj\u0119 now\u0105 metod\u0119 zabezpieczenia szyb. W zwi\u0105zku z tym prosz\u0119 o zg\u0142aszanie si\u0119 os\u00f3b, kt\u00f3re maj\u0105 taki problem we w\u0142asnych domach &#8211; znajduj\u0105 martwe lub ranne ptaki pod swoimi oknami. Mo\u017ce uda si\u0119 opracowa\u0107 skuteczne rozwi\u0105zanie tego problemu.<\/p>\n<p style=\"text-align: justify;\">Wszystkich zainteresowanych wsp\u00f3\u0142prac\u0105 prosz\u0119 o kontakt mailowy pod adresem\u00a0<a href=\"mailto:walasz@mto-kr.pl\">walasz@mto-kr.pl<\/a>.<\/p>\n<p style=\"text-align: right;\"><em>Kazimierz Walasz<br \/>\n\u017ar\u00f3d\u0142o zdj\u0119cia:\u00a0expressilustrowany.pl<\/em><\/p>","protected":false},"excerpt":{"rendered":"<p>Do\u015b\u0107 powszechnie mamy do czynienia ze zderzeniami ptak\u00f3w z przezroczystymi powierzchniami. Ptaki zderzaj\u0105 si\u0119 z nimi gdy\u017c wydaje im si\u0119, \u017ce mog\u0105 przez nie przelecie\u0107 lub widz\u0105 w nich odbicie krajobrazu, jak w lustrze. Z problemem tym powszechnie radz\u0105 sobie wykonawcy nowych ekran\u00f3w akustycznych, przyklejaj\u0105c pionowe paski (bia\u0142e lub czarne). Co prawda, jeszcze wiele ekran\u00f3w ma naklejone sylwetki ptak\u00f3w drapie\u017cnych, kt\u00f3re niestety nie chroni\u0105 przed zderzeniami. By takie ekrany oklei\u0107 pionowymi paskami potrzebna jest aktywno\u015b\u0107 spo\u0142eczna mieszka\u0144c\u00f3w &#8211; zg\u0142aszanie problemu m.in. do urz\u0119d\u00f3w gmin. Natomiast pozostaje problem zderze\u0144 z szybami budynk\u00f3w indywidualnych, biurowych i innych. Takie zdarzenia maj\u0105 najcz\u0119\u015bciej miejsce\u2026 <a class=\"continue-reading-link\" href=\"https:\/\/mto-kr.pl\/en\/2018\/10\/21\/zderzenia-ptakow-z-szybami\/\">Czytaj dalej&#8230;<\/a><\/p>","protected":false},"author":1,"featured_media":752,"comment_status":"closed","ping_status":"open","sticky":false,"template":"","format":"standard","meta":{"_monsterinsights_skip_tracking":false,"footnotes":""},"categories":[4],"tags":[],"class_list":["post-751","post","type-post","status-publish","format-standard","has-post-thumbnail","hentry","category-aktualnosci"],"_links":{"self":[{"href":"https:\/\/mto-kr.pl\/en\/wp-json\/wp\/v2\/posts\/751","targetHints":{"allow":["GET"]}}],"collection":[{"href":"https:\/\/mto-kr.pl\/en\/wp-json\/wp\/v2\/posts"}],"about":[{"href":"https:\/\/mto-kr.pl\/en\/wp-json\/wp\/v2\/types\/post"}],"author":[{"embeddable":true,"href":"https:\/\/mto-kr.pl\/en\/wp-json\/wp\/v2\/users\/1"}],"replies":[{"embeddable":true,"href":"https:\/\/mto-kr.pl\/en\/wp-json\/wp\/v2\/comments?post=751"}],"version-history":[{"count":4,"href":"https:\/\/mto-kr.pl\/en\/wp-json\/wp\/v2\/posts\/751\/revisions"}],"predecessor-version":[{"id":756,"href":"https:\/\/mto-kr.pl\/en\/wp-json\/wp\/v2\/posts\/751\/revisions\/756"}],"wp:featuredmedia":[{"embeddable":true,"href":"https:\/\/mto-kr.pl\/en\/wp-json\/wp\/v2\/media\/752"}],"wp:attachment":[{"href":"https:\/\/mto-kr.pl\/en\/wp-json\/wp\/v2\/media?parent=751"}],"wp:term":[{"taxonomy":"category","embeddable":true,"href":"https:\/\/mto-kr.pl\/en\/wp-json\/wp\/v2\/categories?post=751"},{"taxonomy":"post_tag","embeddable":true,"href":"https:\/\/mto-kr.pl\/en\/wp-json\/wp\/v2\/tags?post=751"}],"curies":[{"name":"wp","href":"https:\/\/api.w.org\/{rel}","templated":true}]}}