{"id":757,"date":"2018-10-29T08:12:51","date_gmt":"2018-10-29T07:12:51","guid":{"rendered":"https:\/\/mto-kr.pl\/?p=757"},"modified":"2018-11-16T07:42:49","modified_gmt":"2018-11-16T06:42:49","slug":"zapraszamy-na-50-zjazd-ornitologow-polski-poludniowo-wschodniej","status":"publish","type":"post","link":"https:\/\/mto-kr.pl\/en\/2018\/10\/29\/zapraszamy-na-50-zjazd-ornitologow-polski-poludniowo-wschodniej\/","title":{"rendered":"Zapraszamy na 50. Zjazd Ornitolog\u00f3w Polski Po\u0142udniowo-Wschodniej"},"content":{"rendered":"<p><img loading=\"lazy\" decoding=\"async\" class=\"alignleft wp-image-171 size-medium\" src=\"https:\/\/mto-kr.pl\/wp-content\/uploads\/2018\/01\/MTO_49_Zjazd_171125__AChwierut_P3350092-e1540797088852-300x181.jpg\" alt=\"49. Zjazd Ornitolog\u00f3w Polski Po\u0142udniowo-Wschodniej (fot. A.Chwierut)\" width=\"300\" height=\"181\" srcset=\"https:\/\/mto-kr.pl\/wp-content\/uploads\/2018\/01\/MTO_49_Zjazd_171125__AChwierut_P3350092-e1540797088852-300x181.jpg 300w, https:\/\/mto-kr.pl\/wp-content\/uploads\/2018\/01\/MTO_49_Zjazd_171125__AChwierut_P3350092-e1540797088852-768x462.jpg 768w, https:\/\/mto-kr.pl\/wp-content\/uploads\/2018\/01\/MTO_49_Zjazd_171125__AChwierut_P3350092-e1540797088852-581x350.jpg 581w, https:\/\/mto-kr.pl\/wp-content\/uploads\/2018\/01\/MTO_49_Zjazd_171125__AChwierut_P3350092-e1540797088852-150x90.jpg 150w, https:\/\/mto-kr.pl\/wp-content\/uploads\/2018\/01\/MTO_49_Zjazd_171125__AChwierut_P3350092-e1540797088852.jpg 975w\" sizes=\"auto, (max-width: 300px) 100vw, 300px\" \/><\/p>\n<p style=\"text-align: justify;\"><strong>Informujemy, \u017ce na sobot\u0119 1 grudnia 2018 r. zaplanowano nasz 50. Zjazd Ornitolog\u00f3w Polski Po\u0142udniowo-Wschodniej. Spotkanie odb\u0119dzie si\u0119 w Krakowie, jak zwykle \u00a0w sali Wydzia\u0142u Hodowli i Biologii Zwierz\u0105t Uniwersytetu Rolniczego (Al. Mickiewicza 24\/28).<\/strong><\/p>\n<p><a href=\"https:\/\/mto-kr.pl\/en\/2018\/11\/16\/program-50-zjazdu-ornitologow-polski-poludniowo-wschodniej\/\">PROGRAM ZJAZDU &#8211; KLIKNIJ!<\/a><\/p>\n<p style=\"text-align: justify;\">Zainteresowanych przestawieniem referatu, prezentacji, zdj\u0119\u0107 lub posteru prosimy o przys\u0142anie zg\u0142oszenia do 31 pa\u017adziernika 2018 r. (\u015broda) na adres mailowy Kazimierza Walasza\u00a0<a href=\"mailto:walasz@mto-kr.pl\">walasz@mto-kr.pl<\/a>.<\/p>\n<p>Serdecznie zapraszamy!<\/p>","protected":false},"excerpt":{"rendered":"<p>Informujemy, \u017ce na sobot\u0119 1 grudnia 2018 r. zaplanowano nasz 50. Zjazd Ornitolog\u00f3w Polski Po\u0142udniowo-Wschodniej. Spotkanie odb\u0119dzie si\u0119 w Krakowie, jak zwykle \u00a0w sali Wydzia\u0142u Hodowli i Biologii Zwierz\u0105t Uniwersytetu Rolniczego (Al. Mickiewicza 24\/28). PROGRAM ZJAZDU &#8211; KLIKNIJ! Zainteresowanych przestawieniem referatu, prezentacji, zdj\u0119\u0107 lub posteru prosimy o przys\u0142anie zg\u0142oszenia do 31 pa\u017adziernika 2018 r. (\u015broda) na adres mailowy Kazimierza Walasza\u00a0walasz@mto-kr.pl. Serdecznie zapraszamy! <a class=\"continue-reading-link\" href=\"https:\/\/mto-kr.pl\/en\/2018\/10\/29\/zapraszamy-na-50-zjazd-ornitologow-polski-poludniowo-wschodniej\/\">Czytaj dalej&#8230;<\/a><\/p>","protected":false},"author":1,"featured_media":171,"comment_status":"closed","ping_status":"open","sticky":false,"template":"","format":"standard","meta":{"_monsterinsights_skip_tracking":false,"footnotes":""},"categories":[4],"tags":[],"class_list":["post-757","post","type-post","status-publish","format-standard","has-post-thumbnail","hentry","category-aktualnosci"],"_links":{"self":[{"href":"https:\/\/mto-kr.pl\/en\/wp-json\/wp\/v2\/posts\/757","targetHints":{"allow":["GET"]}}],"collection":[{"href":"https:\/\/mto-kr.pl\/en\/wp-json\/wp\/v2\/posts"}],"about":[{"href":"https:\/\/mto-kr.pl\/en\/wp-json\/wp\/v2\/types\/post"}],"author":[{"embeddable":true,"href":"https:\/\/mto-kr.pl\/en\/wp-json\/wp\/v2\/users\/1"}],"replies":[{"embeddable":true,"href":"https:\/\/mto-kr.pl\/en\/wp-json\/wp\/v2\/comments?post=757"}],"version-history":[{"count":5,"href":"https:\/\/mto-kr.pl\/en\/wp-json\/wp\/v2\/posts\/757\/revisions"}],"predecessor-version":[{"id":814,"href":"https:\/\/mto-kr.pl\/en\/wp-json\/wp\/v2\/posts\/757\/revisions\/814"}],"wp:featuredmedia":[{"embeddable":true,"href":"https:\/\/mto-kr.pl\/en\/wp-json\/wp\/v2\/media\/171"}],"wp:attachment":[{"href":"https:\/\/mto-kr.pl\/en\/wp-json\/wp\/v2\/media?parent=757"}],"wp:term":[{"taxonomy":"category","embeddable":true,"href":"https:\/\/mto-kr.pl\/en\/wp-json\/wp\/v2\/categories?post=757"},{"taxonomy":"post_tag","embeddable":true,"href":"https:\/\/mto-kr.pl\/en\/wp-json\/wp\/v2\/tags?post=757"}],"curies":[{"name":"wp","href":"https:\/\/api.w.org\/{rel}","templated":true}]}}