{"id":767,"date":"2018-11-03T10:51:16","date_gmt":"2018-11-03T09:51:16","guid":{"rendered":"https:\/\/mto-kr.pl\/?p=767"},"modified":"2018-11-03T10:52:13","modified_gmt":"2018-11-03T09:52:13","slug":"uaktualniony-program-wycieczek","status":"publish","type":"post","link":"https:\/\/mto-kr.pl\/en\/2018\/11\/03\/uaktualniony-program-wycieczek\/","title":{"rendered":"Uaktualniony program wycieczek"},"content":{"rendered":"<p><img loading=\"lazy\" decoding=\"async\" class=\"size-medium wp-image-420 alignleft\" src=\"https:\/\/mto-kr.pl\/wp-content\/uploads\/2018\/01\/IMG_0317-cz\u0119\u015b\u0107-grupy-wycieczkowej\u0141\u0105czany-13.01.18-300x200.jpg\" alt=\"Uczestnicy wycieczki (fot. K.Czajowski)\" width=\"300\" height=\"200\" srcset=\"https:\/\/mto-kr.pl\/wp-content\/uploads\/2018\/01\/IMG_0317-cz\u0119\u015b\u0107-grupy-wycieczkowej\u0141\u0105czany-13.01.18-300x200.jpg 300w, https:\/\/mto-kr.pl\/wp-content\/uploads\/2018\/01\/IMG_0317-cz\u0119\u015b\u0107-grupy-wycieczkowej\u0141\u0105czany-13.01.18-768x512.jpg 768w, https:\/\/mto-kr.pl\/wp-content\/uploads\/2018\/01\/IMG_0317-cz\u0119\u015b\u0107-grupy-wycieczkowej\u0141\u0105czany-13.01.18-1024x683.jpg 1024w, https:\/\/mto-kr.pl\/wp-content\/uploads\/2018\/01\/IMG_0317-cz\u0119\u015b\u0107-grupy-wycieczkowej\u0141\u0105czany-13.01.18-525x350.jpg 525w, https:\/\/mto-kr.pl\/wp-content\/uploads\/2018\/01\/IMG_0317-cz\u0119\u015b\u0107-grupy-wycieczkowej\u0141\u0105czany-13.01.18-150x100.jpg 150w, https:\/\/mto-kr.pl\/wp-content\/uploads\/2018\/01\/IMG_0317-cz\u0119\u015b\u0107-grupy-wycieczkowej\u0141\u0105czany-13.01.18.jpg 1200w\" sizes=\"auto, (max-width: 300px) 100vw, 300px\" \/><\/p>\n<p style=\"text-align: justify;\"><strong>Uaktualniony zosta\u0142 program wycieczek Ma\u0142opolskiego Towarzystwa Ornitologicznego. Serdecznie zapraszamy do udzia\u0142u w spacerach prowadzonych przez ornitolog\u00f3w z Ma\u0142opolski.\u00a0<\/strong><\/p>\n<p style=\"text-align: justify;\">Wi\u0119cej informacji oraz aktualny program znale\u017a\u0107 mo\u017cna klikaj\u0105c w menu strony zak\u0142adk\u0119 <strong>Aktualno\u015bci -&gt; <a href=\"https:\/\/mto-kr.pl\/en\/program-wycieczek-mto\/\">Program wycieczek MTO<\/a><\/strong>.<\/p>\n<p style=\"text-align: right;\"><em>JW<\/em><br \/>\n<em>fot. K. Czajowski<\/em><\/p>","protected":false},"excerpt":{"rendered":"<p>Uaktualniony zosta\u0142 program wycieczek Ma\u0142opolskiego Towarzystwa Ornitologicznego. Serdecznie zapraszamy do udzia\u0142u w spacerach prowadzonych przez ornitolog\u00f3w z Ma\u0142opolski.\u00a0 Wi\u0119cej informacji oraz aktualny program znale\u017a\u0107 mo\u017cna klikaj\u0105c w menu strony zak\u0142adk\u0119 Aktualno\u015bci -&gt; Program wycieczek MTO. JW fot. K. Czajowski <a class=\"continue-reading-link\" href=\"https:\/\/mto-kr.pl\/en\/2018\/11\/03\/uaktualniony-program-wycieczek\/\">Czytaj dalej&#8230;<\/a><\/p>","protected":false},"author":1,"featured_media":420,"comment_status":"closed","ping_status":"open","sticky":false,"template":"","format":"standard","meta":{"_monsterinsights_skip_tracking":false,"footnotes":""},"categories":[4],"tags":[],"class_list":["post-767","post","type-post","status-publish","format-standard","has-post-thumbnail","hentry","category-aktualnosci"],"_links":{"self":[{"href":"https:\/\/mto-kr.pl\/en\/wp-json\/wp\/v2\/posts\/767","targetHints":{"allow":["GET"]}}],"collection":[{"href":"https:\/\/mto-kr.pl\/en\/wp-json\/wp\/v2\/posts"}],"about":[{"href":"https:\/\/mto-kr.pl\/en\/wp-json\/wp\/v2\/types\/post"}],"author":[{"embeddable":true,"href":"https:\/\/mto-kr.pl\/en\/wp-json\/wp\/v2\/users\/1"}],"replies":[{"embeddable":true,"href":"https:\/\/mto-kr.pl\/en\/wp-json\/wp\/v2\/comments?post=767"}],"version-history":[{"count":2,"href":"https:\/\/mto-kr.pl\/en\/wp-json\/wp\/v2\/posts\/767\/revisions"}],"predecessor-version":[{"id":769,"href":"https:\/\/mto-kr.pl\/en\/wp-json\/wp\/v2\/posts\/767\/revisions\/769"}],"wp:featuredmedia":[{"embeddable":true,"href":"https:\/\/mto-kr.pl\/en\/wp-json\/wp\/v2\/media\/420"}],"wp:attachment":[{"href":"https:\/\/mto-kr.pl\/en\/wp-json\/wp\/v2\/media?parent=767"}],"wp:term":[{"taxonomy":"category","embeddable":true,"href":"https:\/\/mto-kr.pl\/en\/wp-json\/wp\/v2\/categories?post=767"},{"taxonomy":"post_tag","embeddable":true,"href":"https:\/\/mto-kr.pl\/en\/wp-json\/wp\/v2\/tags?post=767"}],"curies":[{"name":"wp","href":"https:\/\/api.w.org\/{rel}","templated":true}]}}