{"id":781,"date":"2018-11-04T10:13:19","date_gmt":"2018-11-04T09:13:19","guid":{"rendered":"https:\/\/mto-kr.pl\/?p=781"},"modified":"2018-11-12T10:56:33","modified_gmt":"2018-11-12T09:56:33","slug":"wycieczka-mto-dolina-pradnika","status":"publish","type":"post","link":"https:\/\/mto-kr.pl\/en\/2018\/11\/04\/wycieczka-mto-dolina-pradnika\/","title":{"rendered":"Wycieczka MTO &#8211; Dolina Pr\u0105dnika"},"content":{"rendered":"<p style=\"text-align: justify;\"><strong><a href=\"https:\/\/mto-kr.pl\/wp-content\/uploads\/2018\/11\/zimorodek.jpg\"><img loading=\"lazy\" decoding=\"async\" class=\"alignleft wp-image-784 size-medium\" src=\"https:\/\/mto-kr.pl\/wp-content\/uploads\/2018\/11\/zimorodek-300x200.jpg\" alt=\"Zimorodek (fot. J.Wyka)\" width=\"300\" height=\"200\" srcset=\"https:\/\/mto-kr.pl\/wp-content\/uploads\/2018\/11\/zimorodek-300x200.jpg 300w, https:\/\/mto-kr.pl\/wp-content\/uploads\/2018\/11\/zimorodek-525x350.jpg 525w, https:\/\/mto-kr.pl\/wp-content\/uploads\/2018\/11\/zimorodek-150x100.jpg 150w, https:\/\/mto-kr.pl\/wp-content\/uploads\/2018\/11\/zimorodek.jpg 600w\" sizes=\"auto, (max-width: 300px) 100vw, 300px\" \/><\/a>W sobot\u0119 27 pa\u017adziernika odby\u0142a si\u0119 pierwsza jesienna tego sezonu, wycieczka ornitologiczna z Ma\u0142opolskim Towarzystwem Ornitologicznym. Wycieczka odby\u0142a si\u0119 w Krakowie, a prowadz\u0105cym by\u0142 pan Jacek Tyblewski.\u00a0<\/strong><\/p>\n<p><em>&#8222;Pogoda i ptaki dopisa\u0142y. W wyciecze wzi\u0119\u0142o udzia\u0142 5 os\u00f3b. Trasa obejmowa\u0142a: Park Ko\u015bciuszki, po\u0142udniow cz\u0119\u015b\u0107 u\u017cytku ekologicznego &#8222;Dolina Pr\u0105dnika&#8221;, star\u0105 prochowni\u0119 CK, pola wok\u00f3\u0142 doliny oraz odcinek zabudowy miejskiej Pr\u0105dnika Bia\u0142ego. W sumie zaobserwowano wizualnie i werbalnie 28 gatunk\u00f3w ptak\u00f3w&#8221;<\/em> &#8211; relacjonuje prowadz\u0105cy wycieczk\u0119 pan <strong>Jacek Tyblewski<\/strong>.<\/p>\n<p style=\"text-align: justify;\">Poni\u017cej pe\u0142na lista zaobserowanych gatunk\u00f3w ptak\u00f3w (dzi\u0119ki notatkom i uprzejmo\u015bci pana Andrzeja Chwieruta):<\/p>\n<ol>\n<li>Kawka<\/li>\n<li>Gawron<\/li>\n<li>Krzy\u017c\u00f3wka<\/li>\n<li>Bogatka<\/li>\n<li>S\u00f3jka<\/li>\n<li>Dzwoniec<\/li>\n<li>Kwiczo\u0142 &#8211; ok. 16, ok. 20<\/li>\n<li>Sroka<\/li>\n<li>Kos<\/li>\n<li>Czy\u017c &#8211; ok: 10, 10, 10<\/li>\n<li>Zimorodek 1<\/li>\n<li>Kowalik<\/li>\n<li>Strzy\u017cyk &#8211; kilka (3 ptaki \u015bpiewa\u0142y pe\u0142n\u0105 piosenk\u0119)<\/li>\n<li>Dzi\u0119cio\u0142 zielony<\/li>\n<li>Modraszka<\/li>\n<li>Dzi\u0119cio\u0142 du\u017cy &#8211; co najmniej 2<\/li>\n<li>Zi\u0119ba<\/li>\n<li>Raniuszek &#8211; cn. 2<\/li>\n<li>Myszo\u0142\u00f3w 1<\/li>\n<li>Sierp\u00f3wka &#8211; \u0142\u0105cznie ok. 40<\/li>\n<li>Kuropatwa 1<\/li>\n<li>Wr\u00f3bel &#8211; cn. 6<\/li>\n<li>Pliszka siwa 1<\/li>\n<li>Grzywacz &#8211; ok. 70<\/li>\n<li>Mazurek &#8211; 5 (przy polu kukurydy)<\/li>\n<li>Gil &#8211; cn. 2<\/li>\n<li>Go\u0142\u0105b miejski<\/li>\n<li>Pe\u0142zacz ogrodowy<\/li>\n<\/ol>\n<p style=\"text-align: right;\"><em>JW, JT<br \/>\nfot. J. Wyka<\/em><\/p>","protected":false},"excerpt":{"rendered":"<p>W sobot\u0119 27 pa\u017adziernika odby\u0142a si\u0119 pierwsza jesienna tego sezonu, wycieczka ornitologiczna z Ma\u0142opolskim Towarzystwem Ornitologicznym. Wycieczka odby\u0142a si\u0119 w Krakowie, a prowadz\u0105cym by\u0142 pan Jacek Tyblewski.\u00a0 &#8222;Pogoda i ptaki dopisa\u0142y. W wyciecze wzi\u0119\u0142o udzia\u0142 5 os\u00f3b. Trasa obejmowa\u0142a: Park Ko\u015bciuszki, po\u0142udniow cz\u0119\u015b\u0107 u\u017cytku ekologicznego &#8222;Dolina Pr\u0105dnika&#8221;, star\u0105 prochowni\u0119 CK, pola wok\u00f3\u0142 doliny oraz odcinek zabudowy miejskiej Pr\u0105dnika Bia\u0142ego. W sumie zaobserwowano wizualnie i werbalnie 28 gatunk\u00f3w ptak\u00f3w&#8221; &#8211; relacjonuje prowadz\u0105cy wycieczk\u0119 pan Jacek Tyblewski. Poni\u017cej pe\u0142na lista zaobserowanych gatunk\u00f3w ptak\u00f3w (dzi\u0119ki notatkom i uprzejmo\u015bci pana Andrzeja Chwieruta): Kawka Gawron Krzy\u017c\u00f3wka Bogatka S\u00f3jka Dzwoniec Kwiczo\u0142 &#8211; ok. 16, ok. 20\u2026 <a class=\"continue-reading-link\" href=\"https:\/\/mto-kr.pl\/en\/2018\/11\/04\/wycieczka-mto-dolina-pradnika\/\">Czytaj dalej&#8230;<\/a><\/p>","protected":false},"author":1,"featured_media":784,"comment_status":"closed","ping_status":"open","sticky":false,"template":"","format":"standard","meta":{"_monsterinsights_skip_tracking":false,"footnotes":""},"categories":[4],"tags":[],"class_list":["post-781","post","type-post","status-publish","format-standard","has-post-thumbnail","hentry","category-aktualnosci"],"_links":{"self":[{"href":"https:\/\/mto-kr.pl\/en\/wp-json\/wp\/v2\/posts\/781","targetHints":{"allow":["GET"]}}],"collection":[{"href":"https:\/\/mto-kr.pl\/en\/wp-json\/wp\/v2\/posts"}],"about":[{"href":"https:\/\/mto-kr.pl\/en\/wp-json\/wp\/v2\/types\/post"}],"author":[{"embeddable":true,"href":"https:\/\/mto-kr.pl\/en\/wp-json\/wp\/v2\/users\/1"}],"replies":[{"embeddable":true,"href":"https:\/\/mto-kr.pl\/en\/wp-json\/wp\/v2\/comments?post=781"}],"version-history":[{"count":6,"href":"https:\/\/mto-kr.pl\/en\/wp-json\/wp\/v2\/posts\/781\/revisions"}],"predecessor-version":[{"id":788,"href":"https:\/\/mto-kr.pl\/en\/wp-json\/wp\/v2\/posts\/781\/revisions\/788"}],"wp:featuredmedia":[{"embeddable":true,"href":"https:\/\/mto-kr.pl\/en\/wp-json\/wp\/v2\/media\/784"}],"wp:attachment":[{"href":"https:\/\/mto-kr.pl\/en\/wp-json\/wp\/v2\/media?parent=781"}],"wp:term":[{"taxonomy":"category","embeddable":true,"href":"https:\/\/mto-kr.pl\/en\/wp-json\/wp\/v2\/categories?post=781"},{"taxonomy":"post_tag","embeddable":true,"href":"https:\/\/mto-kr.pl\/en\/wp-json\/wp\/v2\/tags?post=781"}],"curies":[{"name":"wp","href":"https:\/\/api.w.org\/{rel}","templated":true}]}}