{"id":789,"date":"2018-11-12T10:39:50","date_gmt":"2018-11-12T09:39:50","guid":{"rendered":"https:\/\/mto-kr.pl\/?p=789"},"modified":"2018-11-12T10:56:28","modified_gmt":"2018-11-12T09:56:28","slug":"relacja-ze-spaceru-po-zeslawicach","status":"publish","type":"post","link":"https:\/\/mto-kr.pl\/en\/2018\/11\/12\/relacja-ze-spaceru-po-zeslawicach\/","title":{"rendered":"Relacja ze spaceru po Zes\u0142awicach"},"content":{"rendered":"<p style=\"text-align: justify;\"><strong><a href=\"https:\/\/mto-kr.pl\/wp-content\/uploads\/2018\/11\/uczestnicy-wycieczki.jpg\"><img loading=\"lazy\" decoding=\"async\" class=\"alignleft size-medium wp-image-793\" src=\"https:\/\/mto-kr.pl\/wp-content\/uploads\/2018\/11\/uczestnicy-wycieczki-300x200.jpg\" alt=\"Uczestnicy wycieczki (fot. Rafa\u0142 Birtus)\" width=\"300\" height=\"200\" srcset=\"https:\/\/mto-kr.pl\/wp-content\/uploads\/2018\/11\/uczestnicy-wycieczki-300x200.jpg 300w, https:\/\/mto-kr.pl\/wp-content\/uploads\/2018\/11\/uczestnicy-wycieczki-768x512.jpg 768w, https:\/\/mto-kr.pl\/wp-content\/uploads\/2018\/11\/uczestnicy-wycieczki-525x350.jpg 525w, https:\/\/mto-kr.pl\/wp-content\/uploads\/2018\/11\/uczestnicy-wycieczki-150x100.jpg 150w, https:\/\/mto-kr.pl\/wp-content\/uploads\/2018\/11\/uczestnicy-wycieczki.jpg 900w\" sizes=\"auto, (max-width: 300px) 100vw, 300px\" \/><\/a>W sobot\u0119 3 listopada sympatycy przyrody z Ma\u0142opolski mogli ju\u017c drugi raz w tym sezonie wzi\u0105\u0107 udzia\u0142 jesiennej wycieczce z Ma\u0142opolskim Towarzystwem Ornitologicznym. Spacer po krakowskich Zes\u0142awicach prowadzi\u0142 pan Andrzej Chwierut.<\/strong><\/p>\n<p><em><span style=\"font-size: 12pt;\">&#8222;Przy nie najlepszej aurze na spacerze zjawi\u0142o si\u0119 12 os\u00f3b + przewodnik.\u00a0By\u0142o ciep\u0142o, ale mgie\u0142ka utrzymywa\u0142a si\u0119 przez ca\u0142y czas spaceru.\u00a0Zrezygnowali\u015bmy z planowanej drugiej cz\u0119\u015bci wycieczki po polach na wsch\u00f3d od zbiornika, bo po nocnych opadach by\u0142o bardzo mokro.\u00a0<\/span><\/em><span style=\"font-size: 12pt;\"><em>Zanotowali\u015bmy 28 gatunk\u00f3w ptak\u00f3w, widzianych lub s\u0142yszanych. Dzi\u0119kuj\u0119 uczestnikom za wsp\u00f3lnie sp\u0119dzony czas&#8221;<\/em> &#8211; relacjonuje przebieg wycieczki prowadz\u0105cy, pan\u00a0<strong>Andrzej Chwierut<\/strong>.<\/span><\/p>\n<p><span style=\"font-size: 12pt;\">Do najciekawszych zaobserwowanych gatunk\u00f3w nale\u017ca\u0142y:<\/span><br \/>\n<span style=\"font-size: 12pt;\">\u015bwistun<\/span><br \/>\n<span style=\"font-size: 12pt;\">&#8211; dro\u017adzik<\/span><br \/>\n<span style=\"font-size: 12pt;\">&#8211; zimorodek<\/span><br \/>\n<span style=\"font-size: 12pt;\">&#8211; wodnik<\/span><br \/>\n<span style=\"font-size: 12pt;\">&#8211; perkozek<\/span><br \/>\n<span style=\"font-size: 12pt;\">&#8211; cyraneczka<\/span><br \/>\n<span style=\"font-size: 12pt;\">&#8211; strzy\u017cyk &#8211; 2 \u015bpiewaj\u0105ce<\/span><br \/>\n<span style=\"font-size: 12pt;\">&#8211; rudzik &#8211; 1 \u015bpiewaj\u0105cy<\/span><br \/>\n<span style=\"font-size: 12pt;\">&#8211; gil i reszta sta\u0142ych bywalc\u00f3w jak mewy, czaple, krzy\u017c\u00f3wki.<\/span><span style=\"font-size: 12pt;\">\u00a0<\/span><\/p>\n<p>Poni\u017cej zdj\u0119cia ze spaceru autorstwa pana Rafa\u0142a Birtusa oraz pani Agnieszki Leszczy\u0144skiej.<\/p>\n\n\t\t<style>\n\t\t\t#gallery-1 {\n\t\t\t\tmargin: auto;\n\t\t\t}\n\t\t\t#gallery-1 .gallery-item {\n\t\t\t\tfloat: left;\n\t\t\t\tmargin-top: 10px;\n\t\t\t\ttext-align: center;\n\t\t\t\twidth: 20%;\n\t\t\t}\n\t\t\t#gallery-1 img {\n\t\t\t\tborder: 2px solid #cfcfcf;\n\t\t\t}\n\t\t\t#gallery-1 .gallery-caption {\n\t\t\t\tmargin-left: 0;\n\t\t\t}\n\t\t\t\/* see gallery_shortcode() in wp-includes\/media.php *\/\n\t\t<\/style>\n\t\t<div id='gallery-1' class='gallery galleryid-789 gallery-columns-5 gallery-size-thumbnail'><dl class='gallery-item'>\n\t\t\t<dt class='gallery-icon landscape'>\n\t\t\t\t<a href='https:\/\/mto-kr.pl\/wp-content\/uploads\/2018\/11\/Zes\u0142awice-klimatycznie.jpg'><img loading=\"lazy\" decoding=\"async\" width=\"150\" height=\"150\" src=\"https:\/\/mto-kr.pl\/wp-content\/uploads\/2018\/11\/Zes\u0142awice-klimatycznie-150x150.jpg\" class=\"attachment-thumbnail size-thumbnail\" alt=\"Zes\u0142awice klimatycznie (fot. Rafa\u0142 Birtus)\" \/><\/a>\n\t\t\t<\/dt><\/dl><dl class='gallery-item'>\n\t\t\t<dt class='gallery-icon landscape'>\n\t\t\t\t<a href='https:\/\/mto-kr.pl\/wp-content\/uploads\/2018\/11\/uczestnicy-wycieczki.jpg'><img loading=\"lazy\" decoding=\"async\" width=\"150\" height=\"150\" src=\"https:\/\/mto-kr.pl\/wp-content\/uploads\/2018\/11\/uczestnicy-wycieczki-150x150.jpg\" class=\"attachment-thumbnail size-thumbnail\" alt=\"Uczestnicy wycieczki (fot. Rafa\u0142 Birtus)\" \/><\/a>\n\t\t\t<\/dt><\/dl><dl class='gallery-item'>\n\t\t\t<dt class='gallery-icon landscape'>\n\t\t\t\t<a href='https:\/\/mto-kr.pl\/wp-content\/uploads\/2018\/11\/\u015bwistuny-i-krzy\u017c\u00f3wki.jpg'><img loading=\"lazy\" decoding=\"async\" width=\"150\" height=\"150\" src=\"https:\/\/mto-kr.pl\/wp-content\/uploads\/2018\/11\/\u015bwistuny-i-krzy\u017c\u00f3wki-150x150.jpg\" class=\"attachment-thumbnail size-thumbnail\" alt=\"\u015awistuny i krzy\u017c\u00f3wki (fot. Agnieszka Leszczy\u0144ska)\" \/><\/a>\n\t\t\t<\/dt><\/dl><dl class='gallery-item'>\n\t\t\t<dt class='gallery-icon landscape'>\n\t\t\t\t<a href='https:\/\/mto-kr.pl\/wp-content\/uploads\/2018\/11\/mo\u017ce-to-kszyka.jpg'><img loading=\"lazy\" decoding=\"async\" width=\"150\" height=\"150\" src=\"https:\/\/mto-kr.pl\/wp-content\/uploads\/2018\/11\/mo\u017ce-to-kszyka-150x150.jpg\" class=\"attachment-thumbnail size-thumbnail\" alt=\"Mo\u017ce to kszyka? (fot. Rafa\u0142 Birtus)\" \/><\/a>\n\t\t\t<\/dt><\/dl><dl class='gallery-item'>\n\t\t\t<dt class='gallery-icon landscape'>\n\t\t\t\t<a href='https:\/\/mto-kr.pl\/wp-content\/uploads\/2018\/11\/By\u0142o-mgli\u015bcie.jpg'><img loading=\"lazy\" decoding=\"async\" width=\"150\" height=\"150\" src=\"https:\/\/mto-kr.pl\/wp-content\/uploads\/2018\/11\/By\u0142o-mgli\u015bcie-150x150.jpg\" class=\"attachment-thumbnail size-thumbnail\" alt=\"By\u0142o mgli\u015bcie (fot. Rafa\u0142 Birtus)\" \/><\/a>\n\t\t\t<\/dt><\/dl><br style=\"clear: both\" \/>\n\t\t<\/div>\n\n<p style=\"text-align: right;\"><em>AC, JW<\/em><\/p>","protected":false},"excerpt":{"rendered":"<p>W sobot\u0119 3 listopada sympatycy przyrody z Ma\u0142opolski mogli ju\u017c drugi raz w tym sezonie wzi\u0105\u0107 udzia\u0142 jesiennej wycieczce z Ma\u0142opolskim Towarzystwem Ornitologicznym. Spacer po krakowskich Zes\u0142awicach prowadzi\u0142 pan Andrzej Chwierut. &#8222;Przy nie najlepszej aurze na spacerze zjawi\u0142o si\u0119 12 os\u00f3b + przewodnik.\u00a0By\u0142o ciep\u0142o, ale mgie\u0142ka utrzymywa\u0142a si\u0119 przez ca\u0142y czas spaceru.\u00a0Zrezygnowali\u015bmy z planowanej drugiej cz\u0119\u015bci wycieczki po polach na wsch\u00f3d od zbiornika, bo po nocnych opadach by\u0142o bardzo mokro.\u00a0Zanotowali\u015bmy 28 gatunk\u00f3w ptak\u00f3w, widzianych lub s\u0142yszanych. Dzi\u0119kuj\u0119 uczestnikom za wsp\u00f3lnie sp\u0119dzony czas&#8221; &#8211; relacjonuje przebieg wycieczki prowadz\u0105cy, pan\u00a0Andrzej Chwierut. Do najciekawszych zaobserwowanych gatunk\u00f3w nale\u017ca\u0142y: \u015bwistun &#8211; dro\u017adzik &#8211; zimorodek &#8211;\u2026 <a class=\"continue-reading-link\" href=\"https:\/\/mto-kr.pl\/en\/2018\/11\/12\/relacja-ze-spaceru-po-zeslawicach\/\">Czytaj dalej&#8230;<\/a><\/p>","protected":false},"author":1,"featured_media":793,"comment_status":"closed","ping_status":"open","sticky":false,"template":"","format":"standard","meta":{"_monsterinsights_skip_tracking":false,"footnotes":""},"categories":[4,7],"tags":[],"class_list":["post-789","post","type-post","status-publish","format-standard","has-post-thumbnail","hentry","category-aktualnosci","category-foto"],"_links":{"self":[{"href":"https:\/\/mto-kr.pl\/en\/wp-json\/wp\/v2\/posts\/789","targetHints":{"allow":["GET"]}}],"collection":[{"href":"https:\/\/mto-kr.pl\/en\/wp-json\/wp\/v2\/posts"}],"about":[{"href":"https:\/\/mto-kr.pl\/en\/wp-json\/wp\/v2\/types\/post"}],"author":[{"embeddable":true,"href":"https:\/\/mto-kr.pl\/en\/wp-json\/wp\/v2\/users\/1"}],"replies":[{"embeddable":true,"href":"https:\/\/mto-kr.pl\/en\/wp-json\/wp\/v2\/comments?post=789"}],"version-history":[{"count":3,"href":"https:\/\/mto-kr.pl\/en\/wp-json\/wp\/v2\/posts\/789\/revisions"}],"predecessor-version":[{"id":797,"href":"https:\/\/mto-kr.pl\/en\/wp-json\/wp\/v2\/posts\/789\/revisions\/797"}],"wp:featuredmedia":[{"embeddable":true,"href":"https:\/\/mto-kr.pl\/en\/wp-json\/wp\/v2\/media\/793"}],"wp:attachment":[{"href":"https:\/\/mto-kr.pl\/en\/wp-json\/wp\/v2\/media?parent=789"}],"wp:term":[{"taxonomy":"category","embeddable":true,"href":"https:\/\/mto-kr.pl\/en\/wp-json\/wp\/v2\/categories?post=789"},{"taxonomy":"post_tag","embeddable":true,"href":"https:\/\/mto-kr.pl\/en\/wp-json\/wp\/v2\/tags?post=789"}],"curies":[{"name":"wp","href":"https:\/\/api.w.org\/{rel}","templated":true}]}}