{"id":799,"date":"2018-11-12T10:53:45","date_gmt":"2018-11-12T09:53:45","guid":{"rendered":"https:\/\/mto-kr.pl\/?p=799"},"modified":"2018-11-12T10:56:19","modified_gmt":"2018-11-12T09:56:19","slug":"na-pomoc-rannemu-puchaczowi","status":"publish","type":"post","link":"https:\/\/mto-kr.pl\/en\/2018\/11\/12\/na-pomoc-rannemu-puchaczowi\/","title":{"rendered":"Na pomoc rannemu puchaczowi!"},"content":{"rendered":"<p style=\"text-align: justify;\"><b><a href=\"https:\/\/mto-kr.pl\/wp-content\/uploads\/2018\/11\/puchacz1.jpg\"><img loading=\"lazy\" decoding=\"async\" class=\"alignleft size-medium wp-image-800\" src=\"https:\/\/mto-kr.pl\/wp-content\/uploads\/2018\/11\/puchacz1-300x225.jpg\" alt=\"Ranny puchacz (fot. Ewa i Piotr Nowakowie)\" width=\"300\" height=\"225\" srcset=\"https:\/\/mto-kr.pl\/wp-content\/uploads\/2018\/11\/puchacz1-300x225.jpg 300w, https:\/\/mto-kr.pl\/wp-content\/uploads\/2018\/11\/puchacz1-768x576.jpg 768w, https:\/\/mto-kr.pl\/wp-content\/uploads\/2018\/11\/puchacz1-467x350.jpg 467w, https:\/\/mto-kr.pl\/wp-content\/uploads\/2018\/11\/puchacz1-150x113.jpg 150w, https:\/\/mto-kr.pl\/wp-content\/uploads\/2018\/11\/puchacz1.jpg 900w\" sizes=\"auto, (max-width: 300px) 100vw, 300px\" \/><\/a>We wtorkowe (6.11) popo\u0142udnie na nasz\u0105 list\u0119 dyskusyjn\u0105 trafi\u0142a informacja o znalezionym w okolicach Miechowa rannym i os\u0142abionym puchaczu. By ptak m\u00f3g\u0142 zosta\u0107 w pe\u0142ni wyleczony, nale\u017ca\u0142o dzia\u0142a\u0107 szybko\u2026<\/b><\/p>\n<p style=\"text-align: justify;\">Wiadomo\u015b\u0107 od pana <strong>Bogus\u0142awa Binkiewicza<\/strong> o znalezionym rannym puchaczu pojawi\u0142a si\u0119 na <a href=\"https:\/\/groups.google.com\/forum\/#!forum\/region_m\">li\u015bcie dyskusyjnej<\/a> we wtorek 6 listopada kilka minut przed godzin\u0105 15. Autor pyta\u0142 o o\u015brodki rehabilitacyjne, kt\u00f3re mog\u0142yby udzieli\u0107 fachowej pomocy i rehabilitacji ptakowi, kt\u00f3ry otrzyma\u0142 ju\u017c pierwsz\u0105 pomoc i diagnoz\u0119 w gabinecie miechowskiego weterynarza, pana <strong>Piotra Nowaka<\/strong>.<\/p>\n<p style=\"text-align: justify;\">Odpowiedzi, gdzie najlepiej zawie\u017a\u0107 sow\u0119 nap\u0142yn\u0119\u0142y do\u015b\u0107 szybko. W mi\u0119dzyczasie na list\u0119 trafi\u0142y mail od pana <strong>Dawida Oruby<\/strong> z fotografi\u0105 rannego i dok\u0142adn\u0105 informacj\u0105 na temat tego, jak dosz\u0142o do zranienia si\u0119 ptaka i jak\u0105 pomoc puchacz otrzyma\u0142.<\/p>\n<p style=\"text-align: justify;\"><i>\u201eZdj\u0119cie wykona\u0142 pan Piotr podczas u\u015bpienia ptaka do rentgena. Fajnie by by\u0142o jakby wi\u0119kszo\u015b\u0107 weterynarzy w Polsce mia\u0142a przynajmniej 50% wiedzy pana Piotra. Ptak prawdopodobnie mia\u0142 kontakt z lini\u0105 napowietrzn\u0105 przez co dozna\u0142 uszkodzenia skrzyd\u0142a. Dodatkowo by\u0142 bardzo wyg\u0142odzony, wa\u017cy\u0142 zaledwie 1,90kg i zosta\u0142 nakarmiony myszami. Warto nadmieni\u0107, \u017ce pan Piotr weterynarz z Miechowa nie raz ratowa\u0142 ju\u017c sowy i zawsze mo\u017cna na niego liczy\u0107\u201d<\/i>\u00a0\u2013 napisa\u0142 w mailu na <a href=\"https:\/\/groups.google.com\/forum\/#!forum\/region_m\">region<\/a> pan <strong>Dawid Oruba<\/strong>.<\/p>\n<p style=\"text-align: justify;\">Po nocy sp\u0119dzonej w Miechowie puchacz zosta\u0142 w \u015brod\u0119 (7.11) przetransportowany przez pana <strong>Artura Orub\u0119<\/strong> i pani\u0105 <strong>Joann\u0119 Przyborowsk\u0105<\/strong> do D\u0105browy G\u00f3rniczej. Tam na sow\u0119 czeka\u0142 pan <strong>Rados\u0142aw Gw\u00f3\u017ad\u017a<\/strong>, kt\u00f3ry uda\u0142 si\u0119 z ptakiem do Le\u015bnego Pogotowia w Miko\u0142owie, specjalistycznej lecznicy zajmuj\u0105cej si\u0119 pomoc\u0105 dzikim zwierz\u0119tom. Miejmy nadziej\u0119, \u017ce historia puchacza b\u0119dzie mia\u0142a szcz\u0119\u015bliwe zako\u0144czenie, ptak wyzdrowieje i zostanie wypuszczony na wolno\u015b\u0107.<\/p>\n<p style=\"text-align: justify;\">Za podj\u0119t\u0105 pr\u00f3b\u0119 pomocy rannej sowie wielkie s\u0142owa uznania nale\u017c\u0105 si\u0119 ornitologom z Ma\u0142opolski. Ci nie pozostali oboj\u0119tni na los dzikiego zwierz\u0119cia, wzi\u0119li sprawy w swoje r\u0119ce i ruszyli na ratunek puchaczowi, kt\u00f3ry jak si\u0119 okazuje, w tej cz\u0119\u015bci regionu zbyt cz\u0119stym go\u015bciem nie, jest o czym informuje na <a href=\"https:\/\/groups.google.com\/forum\/#!forum\/region_m\">li\u015bcie dyskusyjnej<\/a> pan <strong>Bogus\u0142aw Binkiewicz<\/strong>:\u00a0<i>\u201eJest to, o ile mi wiadomo, pierwsze stwierdzenie tego gatunku na Wy\u017cynie Miechowskiej (poza nieudokumentowanym doniesieniem z 1992 roku). Ciekawe, \u017ce w niezbyt typowym dla ptaka siedlisku, w terenie rolniczym.\u201d<\/i><\/p>\n\n\t\t<style>\n\t\t\t#gallery-1 {\n\t\t\t\tmargin: auto;\n\t\t\t}\n\t\t\t#gallery-1 .gallery-item {\n\t\t\t\tfloat: left;\n\t\t\t\tmargin-top: 10px;\n\t\t\t\ttext-align: center;\n\t\t\t\twidth: 20%;\n\t\t\t}\n\t\t\t#gallery-1 img {\n\t\t\t\tborder: 2px solid #cfcfcf;\n\t\t\t}\n\t\t\t#gallery-1 .gallery-caption {\n\t\t\t\tmargin-left: 0;\n\t\t\t}\n\t\t\t\/* see gallery_shortcode() in wp-includes\/media.php *\/\n\t\t<\/style>\n\t\t<div id='gallery-1' class='gallery galleryid-799 gallery-columns-5 gallery-size-thumbnail'><dl class='gallery-item'>\n\t\t\t<dt class='gallery-icon landscape'>\n\t\t\t\t<a href='https:\/\/mto-kr.pl\/wp-content\/uploads\/2018\/11\/puchacz1.jpg'><img loading=\"lazy\" decoding=\"async\" width=\"150\" height=\"150\" src=\"https:\/\/mto-kr.pl\/wp-content\/uploads\/2018\/11\/puchacz1-150x150.jpg\" class=\"attachment-thumbnail size-thumbnail\" alt=\"Ranny puchacz (fot. Ewa i Piotr Nowakowie)\" \/><\/a>\n\t\t\t<\/dt><\/dl><dl class='gallery-item'>\n\t\t\t<dt class='gallery-icon portrait'>\n\t\t\t\t<a href='https:\/\/mto-kr.pl\/wp-content\/uploads\/2018\/11\/puchacz2.jpg'><img loading=\"lazy\" decoding=\"async\" width=\"150\" height=\"150\" src=\"https:\/\/mto-kr.pl\/wp-content\/uploads\/2018\/11\/puchacz2-150x150.jpg\" class=\"attachment-thumbnail size-thumbnail\" alt=\"Ranny puchacz (fot. Ewa i Piotr Nowakowie)\" \/><\/a>\n\t\t\t<\/dt><\/dl><dl class='gallery-item'>\n\t\t\t<dt class='gallery-icon landscape'>\n\t\t\t\t<a href='https:\/\/mto-kr.pl\/wp-content\/uploads\/2018\/11\/puchacz3.jpg'><img loading=\"lazy\" decoding=\"async\" width=\"150\" height=\"150\" src=\"https:\/\/mto-kr.pl\/wp-content\/uploads\/2018\/11\/puchacz3-150x150.jpg\" class=\"attachment-thumbnail size-thumbnail\" alt=\"Ranny puchacz (fot. Ewa i Piotr Nowakowie)\" \/><\/a>\n\t\t\t<\/dt><\/dl><dl class='gallery-item'>\n\t\t\t<dt class='gallery-icon landscape'>\n\t\t\t\t<a href='https:\/\/mto-kr.pl\/wp-content\/uploads\/2018\/11\/puchacz4.jpg'><img loading=\"lazy\" decoding=\"async\" width=\"150\" height=\"150\" src=\"https:\/\/mto-kr.pl\/wp-content\/uploads\/2018\/11\/puchacz4-150x150.jpg\" class=\"attachment-thumbnail size-thumbnail\" alt=\"Ranny puchacz (fot. Ewa i Piotr Nowakowie)\" \/><\/a>\n\t\t\t<\/dt><\/dl><dl class='gallery-item'>\n\t\t\t<dt class='gallery-icon portrait'>\n\t\t\t\t<a href='https:\/\/mto-kr.pl\/wp-content\/uploads\/2018\/11\/puchacz5.jpg'><img loading=\"lazy\" decoding=\"async\" width=\"150\" height=\"150\" src=\"https:\/\/mto-kr.pl\/wp-content\/uploads\/2018\/11\/puchacz5-150x150.jpg\" class=\"attachment-thumbnail size-thumbnail\" alt=\"Ranny puchacz po udzieleniu pomocy (fot. Ewa i Piotr Nowakowie)\" \/><\/a>\n\t\t\t<\/dt><\/dl><br style=\"clear: both\" \/>\n\t\t<\/div>\n\n<p style=\"text-align: right;\"><em>Jakub Wyka<br \/>\nfot. Ewa i Piotr Nowakowie<\/em><\/p>","protected":false},"excerpt":{"rendered":"<p>We wtorkowe (6.11) popo\u0142udnie na nasz\u0105 list\u0119 dyskusyjn\u0105 trafi\u0142a informacja o znalezionym w okolicach Miechowa rannym i os\u0142abionym puchaczu. By ptak m\u00f3g\u0142 zosta\u0107 w pe\u0142ni wyleczony, nale\u017ca\u0142o dzia\u0142a\u0107 szybko\u2026 Wiadomo\u015b\u0107 od pana Bogus\u0142awa Binkiewicza o znalezionym rannym puchaczu pojawi\u0142a si\u0119 na li\u015bcie dyskusyjnej we wtorek 6 listopada kilka minut przed godzin\u0105 15. Autor pyta\u0142 o o\u015brodki rehabilitacyjne, kt\u00f3re mog\u0142yby udzieli\u0107 fachowej pomocy i rehabilitacji ptakowi, kt\u00f3ry otrzyma\u0142 ju\u017c pierwsz\u0105 pomoc i diagnoz\u0119 w gabinecie miechowskiego weterynarza, pana Piotra Nowaka. Odpowiedzi, gdzie najlepiej zawie\u017a\u0107 sow\u0119 nap\u0142yn\u0119\u0142y do\u015b\u0107 szybko. W mi\u0119dzyczasie na list\u0119 trafi\u0142y mail od pana Dawida Oruby z fotografi\u0105 rannego\u2026 <a class=\"continue-reading-link\" href=\"https:\/\/mto-kr.pl\/en\/2018\/11\/12\/na-pomoc-rannemu-puchaczowi\/\">Czytaj dalej&#8230;<\/a><\/p>","protected":false},"author":1,"featured_media":800,"comment_status":"closed","ping_status":"open","sticky":false,"template":"","format":"standard","meta":{"_monsterinsights_skip_tracking":false,"footnotes":""},"categories":[4,7],"tags":[],"class_list":["post-799","post","type-post","status-publish","format-standard","has-post-thumbnail","hentry","category-aktualnosci","category-foto"],"_links":{"self":[{"href":"https:\/\/mto-kr.pl\/en\/wp-json\/wp\/v2\/posts\/799","targetHints":{"allow":["GET"]}}],"collection":[{"href":"https:\/\/mto-kr.pl\/en\/wp-json\/wp\/v2\/posts"}],"about":[{"href":"https:\/\/mto-kr.pl\/en\/wp-json\/wp\/v2\/types\/post"}],"author":[{"embeddable":true,"href":"https:\/\/mto-kr.pl\/en\/wp-json\/wp\/v2\/users\/1"}],"replies":[{"embeddable":true,"href":"https:\/\/mto-kr.pl\/en\/wp-json\/wp\/v2\/comments?post=799"}],"version-history":[{"count":4,"href":"https:\/\/mto-kr.pl\/en\/wp-json\/wp\/v2\/posts\/799\/revisions"}],"predecessor-version":[{"id":808,"href":"https:\/\/mto-kr.pl\/en\/wp-json\/wp\/v2\/posts\/799\/revisions\/808"}],"wp:featuredmedia":[{"embeddable":true,"href":"https:\/\/mto-kr.pl\/en\/wp-json\/wp\/v2\/media\/800"}],"wp:attachment":[{"href":"https:\/\/mto-kr.pl\/en\/wp-json\/wp\/v2\/media?parent=799"}],"wp:term":[{"taxonomy":"category","embeddable":true,"href":"https:\/\/mto-kr.pl\/en\/wp-json\/wp\/v2\/categories?post=799"},{"taxonomy":"post_tag","embeddable":true,"href":"https:\/\/mto-kr.pl\/en\/wp-json\/wp\/v2\/tags?post=799"}],"curies":[{"name":"wp","href":"https:\/\/api.w.org\/{rel}","templated":true}]}}