{"id":809,"date":"2018-11-16T07:39:59","date_gmt":"2018-11-16T06:39:59","guid":{"rendered":"https:\/\/mto-kr.pl\/?p=809"},"modified":"2018-11-16T07:45:22","modified_gmt":"2018-11-16T06:45:22","slug":"program-50-zjazdu-ornitologow-polski-poludniowo-wschodniej","status":"publish","type":"post","link":"https:\/\/mto-kr.pl\/en\/2018\/11\/16\/program-50-zjazdu-ornitologow-polski-poludniowo-wschodniej\/","title":{"rendered":"Program 50. Zjazdu Ornitolog\u00f3w Polski Po\u0142udniowo-Wschodniej"},"content":{"rendered":"<p style=\"text-align: justify;\"><img loading=\"lazy\" decoding=\"async\" class=\"alignleft size-medium wp-image-810\" src=\"https:\/\/mto-kr.pl\/wp-content\/uploads\/2018\/11\/50_Zjazd_MTO_181101-02-212x300.jpg\" alt=\"\" width=\"212\" height=\"300\" \/><strong>Poznali\u015bmy program 50. Zjazdu Ornitolog\u00f3w Polski Po\u0142udniowo-Wschodniej, kt\u00f3ry odb\u0119dzie si\u0119 w weekend 1-2 grudnia 2018 r. w Krakowie. Zjazd rozpocznie si\u0119 od zebrania wyborczego Ma\u0142opolskiego Towarzystwa Ornitologicznego, gdy\u017c ko\u0144czy si\u0119 trzyletnia kadencja Rady MTO.<\/strong><\/p>\n<p style=\"text-align: justify;\">Jak co roku, spotkanie ornitolog\u00f3w z po\u0142udnia Polski potrwa dwa dni. Pierwszego dnia odb\u0119dzie si\u0119 cz\u0119\u015b\u0107 kameralna w sali Wydzia\u0142u Hodowli i Biologii Zwierz\u0105t Uniwersytetu Rolniczego, a drugiego cz\u0119\u015b\u0107 terenowa &#8211; spacer po miejskim odcinku rzeki Wis\u0142y w Krakowie. Nowo\u015bci\u0105 do lat poprzednich jest cz\u0119\u015b\u0107 integracyjna &#8211; nieformalne spotkanie ornitolog\u00f3w.<\/p>\n<p style=\"text-align: center;\"><strong>Poni\u017cej prezentujemy harmonogram Zjazdu:<\/strong><\/p>\n<p style=\"text-align: center;\"><strong>1 grudnia 2018 r. (sobota):<\/strong><\/p>\n<p>09:00 &#8211; 10:20 Zebranie wyborcze MTO<\/p>\n<p>10:20 &#8211; 10:30 Przerwa<\/p>\n<p>10:30 &#8211; 10:35 Otwarcie Zjazdu<\/p>\n<p>10:35 &#8211; 11:05 Dr hab. Robert Gwiazda prof. IOP (Instytut Ochrony Przyrody PAN) &#8211; <strong>Ekologia \u017cerowania i wybi\u00f3rczo\u015b\u0107 <\/strong><strong>pokarmowa ptak\u00f3w rybo\u017cernych na Zbiorniku Dobczyckim<\/strong><\/p>\n<p>11:05 &#8211; 11:20 Dr Kazimierz Walasz (MTO) &#8211; <strong>Sprawozdanie za ostatni rok z prac MTO<\/strong><\/p>\n<p>11:20 &#8211; 11:35\u00a0<strong>Wr\u0119czenie Pomurnik\u00f3w<\/strong><\/p>\n<p>11:35 &#8211; 12:05\u00a0 Prof. dr hab. Jan Pinowski (Muzeum i Instytut Zoologii PAN, Warszawa) &#8211; <strong>M\u00f3j udzia\u0142 w tworzeniu ruchu <\/strong><strong>amatorskiego i kontakt\u00f3w mi\u0119dzynarodowych ornitolog\u00f3w polskich <\/strong><\/p>\n<p>12:05 &#8211; 12:25 Przerwa<\/p>\n<p>12:25\u00a0&#8211;\u00a012:55\u00a0\u00a0 Mgr Wies\u0142aw Kr\u00f3l, dr Kazimierz Walasz, dr Tomasz Wilk (MTO) &#8211;<strong>Atlas Ptak\u00f3w Ma\u0142opolski \u2013 co ju\u017c mamy, <\/strong><strong>a czego jeszcze brakuje<\/strong><\/p>\n<p>12:55\u00a0&#8211;\u00a013:25 Stanis\u0142awCzy\u017c (MTO) &#8211; <strong>Rzadkie gatunki ptak\u00f3w obserwowane w 2017-18 roku na terenie Polski pd.wsch.<\/strong><\/p>\n<p>13:25 &#8211; 13:55 Dr in\u017c. Marian St\u00f3j (Magurski Park Narodowy i Komitet Ochrony Or\u0142\u00f3w), mgr Robert Kruszyk (KOO) &#8211;\u00a0<strong>Pokarm or\u0142a przedniego w polskiej cz\u0119\u015bci Karpat\u00a0 w latach 2000-2018<\/strong><\/p>\n<p>13:55 &#8211; 14:20 Dr Tomasz Wilk (MTO) &#8211;\u00a0<strong>Co kryj\u0105 najwi\u0119ksze rzeki regionu? Wyniki wst\u0119pnej inwentaryzacji ptak\u00f3w <\/strong><strong>ma\u0142opolskich rzek<\/strong><\/p>\n<p>14:20 &#8211; 15:20 Przerwa obiadowa<\/p>\n<p>15:20 -15:50 Mgr Krzysztof Dudzik (Stowarzyszenie Most, Kielce) &#8211; <strong>Wst\u0119pne wyniki bada\u0144 nad dyspersj\u0105 nataln\u0105\u00a0<\/strong><strong>\u0142ab\u0119dzi krzykliwych zasiedlaj\u0105cych po\u0142udniow\u0105 Polsk\u0119<\/strong><\/p>\n<p>15:50 &#8211; 16:20 Marek Skruch (MTO) &#8211;<strong>Ptaki Karpackiej Puszczy (fotorelacja)<\/strong><\/p>\n<p>16:20 &#8211; 17:00 Prof. dr hab. in\u017c. Agnieszka P\u0142a\u017cek (Katedra Fizjologii Ro\u015blin UR, Krak\u00f3w) &#8211; <strong>Jesienne przeloty ptak\u00f3w <\/strong><strong>nad Tarif\u0105 (Hiszpania, fotorelacja)<\/strong><\/p>\n<p>17:00 Zako\u0144czenie Zjazdu<\/p>\n<p style=\"text-align: center;\"><strong>2 grudnia 2018 r. (niedziela):<\/strong><\/p>\n<p>9:30 \u2013 13:00 Wycieczka na miejski odcinek rzeki Wis\u0142y. Zbi\u00f3rka o godz. 9.30, Most D\u0119bnicki od strony DH \u201eJubilat\u201d<\/p>\n<p style=\"text-align: justify;\"><strong>Osoby, kt\u00f3re chcia\u0142yby w czasie Zjazdu przedstawi\u0107 wyniki swoich obserwacji<\/strong><strong>, <\/strong><strong>zdj\u0119cia<\/strong><strong> lub<\/strong><strong> postery, prosimy o przes\u0142anie informacji (tytu\u0142 posteru oraz jego wymiary) do dn. 17.11.2018 r.\u00a0<\/strong>Obrady b\u0119d\u0105 odbywa\u0142y si\u0119 w budynku Wydzia\u0142u Hodowli i Biologii Zwierz\u0105t UR przy Al. Mickiewicza 24\/28, w Krakowie.<\/p>\n<p style=\"text-align: justify;\">Po zako\u0144czeniu obrad planowana jest cz\u0119\u015b\u0107 integracyjna &#8211; nieformalne spotkanie. \u00a0Prosimy o wype\u0142nienie ankiety, kt\u00f3ra pozwoli nam zorganizowa\u0107 opraw\u0119 Zjazdu zgodnie z Pa\u0144stwa oczekiwaniami. Na odpowiedzi czekamy do 15 listopada 2018 r. w\u0142\u0105cznie.<\/p>\n<p style=\"text-align: left;\">Ankieta:\u00a0<a href=\"https:\/\/docs.google.com\/forms\/d\/e\/1FAIpQLSdgt4nbJyXOGsw-rLI4PEf-dYA7NEZY8K8xJNbiLCxgtRYJIA\/viewform?usp=sf_link\">https:\/\/docs.google.com\/forms\/<\/a><a href=\"https:\/\/docs.google.com\/forms\/d\/e\/1FAIpQLSdgt4nbJyXOGsw-rLI4PEf-dYA7NEZY8K8xJNbiLCxgtRYJIA\/viewform?usp=sf_link\">d\/e\/1FAIpQLSdgt4nbJyXOGsw-rLI4<\/a><a href=\"https:\/\/docs.google.com\/forms\/d\/e\/1FAIpQLSdgt4nbJyXOGsw-rLI4PEf-dYA7NEZY8K8xJNbiLCxgtRYJIA\/viewform?usp=sf_link\">PEf-dYA7NEZY8K8xJNbiLCxgtRYJIA<\/a><a href=\"https:\/\/docs.google.com\/forms\/d\/e\/1FAIpQLSdgt4nbJyXOGsw-rLI4PEf-dYA7NEZY8K8xJNbiLCxgtRYJIA\/viewform?usp=sf_link\">\/viewform?usp=sf_link<\/a><\/p>\n<p style=\"text-align: justify;\">Ko\u0144czy si\u0119 trzyletnia kadencja Rady MTO, dlatego na pocz\u0105tku Zjazdu odb\u0119dzie si\u0119 Walne Zgromadzenie cz\u0142onk\u00f3w MTO, na kt\u00f3rym zostanie wybrana nowa Rady MTO. Przypominamy, \u017ce udzia\u0142 w g\u0142osowaniach mog\u0105 bra\u0107 wy\u0142\u0105cznie osoby z aktualnie op\u0142acon\u0105 sk\u0142adk\u0105.<\/p>\n<p style=\"text-align: justify;\">Wszystkich serdecznie zapraszamy na Zjazd i prosimy o poinformowanie innych zainteresowanych!<\/p>\n<p style=\"text-align: right;\">W imieniu organizator\u00f3w,<br \/>\n<em>dr Kazimierz Walasz<br \/>\n<\/em><em>dr in\u017c. Damian G. Wiehle<\/em><\/p>","protected":false},"excerpt":{"rendered":"<p>Poznali\u015bmy program 50. Zjazdu Ornitolog\u00f3w Polski Po\u0142udniowo-Wschodniej, kt\u00f3ry odb\u0119dzie si\u0119 w weekend 1-2 grudnia 2018 r. w Krakowie. Zjazd rozpocznie si\u0119 od zebrania wyborczego Ma\u0142opolskiego Towarzystwa Ornitologicznego, gdy\u017c ko\u0144czy si\u0119 trzyletnia kadencja Rady MTO. Jak co roku, spotkanie ornitolog\u00f3w z po\u0142udnia Polski potrwa dwa dni. Pierwszego dnia odb\u0119dzie si\u0119 cz\u0119\u015b\u0107 kameralna w sali Wydzia\u0142u Hodowli i Biologii Zwierz\u0105t Uniwersytetu Rolniczego, a drugiego cz\u0119\u015b\u0107 terenowa &#8211; spacer po miejskim odcinku rzeki Wis\u0142y w Krakowie. Nowo\u015bci\u0105 do lat poprzednich jest cz\u0119\u015b\u0107 integracyjna &#8211; nieformalne spotkanie ornitolog\u00f3w. Poni\u017cej prezentujemy harmonogram Zjazdu: 1 grudnia 2018 r. (sobota): 09:00 &#8211; 10:20 Zebranie wyborcze MTO 10:20\u2026 <a class=\"continue-reading-link\" href=\"https:\/\/mto-kr.pl\/en\/2018\/11\/16\/program-50-zjazdu-ornitologow-polski-poludniowo-wschodniej\/\">Czytaj dalej&#8230;<\/a><\/p>","protected":false},"author":1,"featured_media":810,"comment_status":"closed","ping_status":"open","sticky":false,"template":"","format":"standard","meta":{"_monsterinsights_skip_tracking":false,"footnotes":""},"categories":[4],"tags":[],"class_list":["post-809","post","type-post","status-publish","format-standard","has-post-thumbnail","hentry","category-aktualnosci"],"_links":{"self":[{"href":"https:\/\/mto-kr.pl\/en\/wp-json\/wp\/v2\/posts\/809","targetHints":{"allow":["GET"]}}],"collection":[{"href":"https:\/\/mto-kr.pl\/en\/wp-json\/wp\/v2\/posts"}],"about":[{"href":"https:\/\/mto-kr.pl\/en\/wp-json\/wp\/v2\/types\/post"}],"author":[{"embeddable":true,"href":"https:\/\/mto-kr.pl\/en\/wp-json\/wp\/v2\/users\/1"}],"replies":[{"embeddable":true,"href":"https:\/\/mto-kr.pl\/en\/wp-json\/wp\/v2\/comments?post=809"}],"version-history":[{"count":3,"href":"https:\/\/mto-kr.pl\/en\/wp-json\/wp\/v2\/posts\/809\/revisions"}],"predecessor-version":[{"id":816,"href":"https:\/\/mto-kr.pl\/en\/wp-json\/wp\/v2\/posts\/809\/revisions\/816"}],"wp:featuredmedia":[{"embeddable":true,"href":"https:\/\/mto-kr.pl\/en\/wp-json\/wp\/v2\/media\/810"}],"wp:attachment":[{"href":"https:\/\/mto-kr.pl\/en\/wp-json\/wp\/v2\/media?parent=809"}],"wp:term":[{"taxonomy":"category","embeddable":true,"href":"https:\/\/mto-kr.pl\/en\/wp-json\/wp\/v2\/categories?post=809"},{"taxonomy":"post_tag","embeddable":true,"href":"https:\/\/mto-kr.pl\/en\/wp-json\/wp\/v2\/tags?post=809"}],"curies":[{"name":"wp","href":"https:\/\/api.w.org\/{rel}","templated":true}]}}