{"id":815,"date":"2018-11-16T07:50:53","date_gmt":"2018-11-16T06:50:53","guid":{"rendered":"https:\/\/mto-kr.pl\/?p=815"},"modified":"2018-11-16T07:50:53","modified_gmt":"2018-11-16T06:50:53","slug":"razem-zadbajmy-o-ptaki-zima-event-w-ch-czyzyny","status":"publish","type":"post","link":"https:\/\/mto-kr.pl\/en\/2018\/11\/16\/razem-zadbajmy-o-ptaki-zima-event-w-ch-czyzyny\/","title":{"rendered":"Razem zadbajmy o ptaki zim\u0105 &#8211; event w CH Czy\u017cyny"},"content":{"rendered":"<p style=\"text-align: justify;\"><strong><a href=\"https:\/\/mto-kr.pl\/wp-content\/uploads\/2018\/11\/CH_Czyzyny_budki.jpg\"><img loading=\"lazy\" decoding=\"async\" class=\"alignleft size-medium wp-image-817\" src=\"https:\/\/mto-kr.pl\/wp-content\/uploads\/2018\/11\/CH_Czyzyny_budki-300x300.jpg\" alt=\"\" width=\"300\" height=\"300\" srcset=\"https:\/\/mto-kr.pl\/wp-content\/uploads\/2018\/11\/CH_Czyzyny_budki-300x300.jpg 300w, https:\/\/mto-kr.pl\/wp-content\/uploads\/2018\/11\/CH_Czyzyny_budki-150x150.jpg 150w, https:\/\/mto-kr.pl\/wp-content\/uploads\/2018\/11\/CH_Czyzyny_budki-350x350.jpg 350w, https:\/\/mto-kr.pl\/wp-content\/uploads\/2018\/11\/CH_Czyzyny_budki.jpg 504w\" sizes=\"auto, (max-width: 300px) 100vw, 300px\" \/><\/a>Ma\u0142opolskie Towarzystwo Ornitologiczne serdecznie zaprasza w najbli\u017csz\u0105 sobot\u0119 17 listopada, w godzinach 11:00-16:00 na event w Centrum Handlowym &#8222;Czy\u017cyny&#8221;, po\u015bwi\u0119cony pomaganiu ptakom dziko \u017cyj\u0105cym.<\/strong><\/p>\n<p style=\"text-align: center;\"><strong>Dbamy o ptaki zim\u0105 &#8211; poznajemy ich zwyczaje i budujemy budki w Centrum Handlowym Czy\u017cyny<\/strong><\/p>\n<p style=\"text-align: justify;\"><strong>Ju\u017c 17 listopada w godz. 11:00 \u2013 16:00 Centrum Handlowe Czy\u017cyny zaprasza do udzia\u0142u w\u00a0wydarzeniu, podczas kt\u00f3rego poznawa\u0107 b\u0119dziemy ptasie zwyczaje i przygotujemy budki dla ptak\u00f3w.<\/strong><\/p>\n<p style=\"text-align: justify;\">G\u0142\u00f3wn\u0105 atrakcj\u0105 wydarzenia b\u0119d\u0105 warsztaty dekorowania budek dla ptak\u00f3w, zorganizowane wsp\u00f3lnie z\u00a0Leroy Merlin. Przygotowanych zostanie a\u017c 100 budek, kt\u00f3re uczestnicy b\u0119d\u0105 mogli zabra\u0107 ze sob\u0105 i\u00a0powiesi\u0107 w ogrodzie, na balkonie lub w parku.<\/p>\n<p style=\"text-align: justify;\">Dodatkowo, przedstawiciel <strong>Ma\u0142opolskiego Towarzystwa Ornitologicznego<\/strong> podzieli si\u0119 z uczestnikami wiedz\u0105 na temat ochrony i dokarmiania ptak\u00f3w zim\u0105 oraz opowie o zimuj\u0105cych w Polsce ptakach, ich potrzebach i przyzwyczajeniach. Ornitolog przedstawi tak\u017ce zasady konstruowania skrzynek l\u0119gowych i\u00a0karmnik\u00f3w.<\/p>\n<p style=\"text-align: justify;\">Z wydarzeniem powi\u0105zany jest tak\u017ce konkurs na Facebooku CH Czy\u017cyny, w kt\u00f3rym ju\u017c teraz zach\u0119camy do obserwowania przyrody i dzielenia si\u0119 zdj\u0119ciami oraz filmami pokazuj\u0105cymi, jak zwierz\u0119ta przygotowuj\u0105 si\u0119 do zimy.<\/p>\n<p style=\"text-align: justify;\">Szczeg\u00f3\u0142y na <a href=\"http:\/\/www.centrum-czyzyny.pl\">www.centrum-czyzyny.pl<\/a> oraz <a href=\"http:\/\/www.facebook.com\/CHCzyzyny\/\">www.facebook.com\/CHCzyzyny\/<\/a><\/p>\n<p style=\"text-align: justify;\">Serdecznie zapraszamy!<\/p>\n<p>&nbsp;<\/p>\n<p>&nbsp;<\/p>","protected":false},"excerpt":{"rendered":"<p>Ma\u0142opolskie Towarzystwo Ornitologiczne serdecznie zaprasza w najbli\u017csz\u0105 sobot\u0119 17 listopada, w godzinach 11:00-16:00 na event w Centrum Handlowym &#8222;Czy\u017cyny&#8221;, po\u015bwi\u0119cony pomaganiu ptakom dziko \u017cyj\u0105cym. Dbamy o ptaki zim\u0105 &#8211; poznajemy ich zwyczaje i budujemy budki w Centrum Handlowym Czy\u017cyny Ju\u017c 17 listopada w godz. 11:00 \u2013 16:00 Centrum Handlowe Czy\u017cyny zaprasza do udzia\u0142u w\u00a0wydarzeniu, podczas kt\u00f3rego poznawa\u0107 b\u0119dziemy ptasie zwyczaje i przygotujemy budki dla ptak\u00f3w. G\u0142\u00f3wn\u0105 atrakcj\u0105 wydarzenia b\u0119d\u0105 warsztaty dekorowania budek dla ptak\u00f3w, zorganizowane wsp\u00f3lnie z\u00a0Leroy Merlin. Przygotowanych zostanie a\u017c 100 budek, kt\u00f3re uczestnicy b\u0119d\u0105 mogli zabra\u0107 ze sob\u0105 i\u00a0powiesi\u0107 w ogrodzie, na balkonie lub w parku. Dodatkowo, przedstawiciel\u2026 <a class=\"continue-reading-link\" href=\"https:\/\/mto-kr.pl\/en\/2018\/11\/16\/razem-zadbajmy-o-ptaki-zima-event-w-ch-czyzyny\/\">Czytaj dalej&#8230;<\/a><\/p>","protected":false},"author":1,"featured_media":817,"comment_status":"open","ping_status":"open","sticky":false,"template":"","format":"standard","meta":{"_monsterinsights_skip_tracking":false,"footnotes":""},"categories":[4],"tags":[],"class_list":["post-815","post","type-post","status-publish","format-standard","has-post-thumbnail","hentry","category-aktualnosci"],"_links":{"self":[{"href":"https:\/\/mto-kr.pl\/en\/wp-json\/wp\/v2\/posts\/815","targetHints":{"allow":["GET"]}}],"collection":[{"href":"https:\/\/mto-kr.pl\/en\/wp-json\/wp\/v2\/posts"}],"about":[{"href":"https:\/\/mto-kr.pl\/en\/wp-json\/wp\/v2\/types\/post"}],"author":[{"embeddable":true,"href":"https:\/\/mto-kr.pl\/en\/wp-json\/wp\/v2\/users\/1"}],"replies":[{"embeddable":true,"href":"https:\/\/mto-kr.pl\/en\/wp-json\/wp\/v2\/comments?post=815"}],"version-history":[{"count":1,"href":"https:\/\/mto-kr.pl\/en\/wp-json\/wp\/v2\/posts\/815\/revisions"}],"predecessor-version":[{"id":818,"href":"https:\/\/mto-kr.pl\/en\/wp-json\/wp\/v2\/posts\/815\/revisions\/818"}],"wp:featuredmedia":[{"embeddable":true,"href":"https:\/\/mto-kr.pl\/en\/wp-json\/wp\/v2\/media\/817"}],"wp:attachment":[{"href":"https:\/\/mto-kr.pl\/en\/wp-json\/wp\/v2\/media?parent=815"}],"wp:term":[{"taxonomy":"category","embeddable":true,"href":"https:\/\/mto-kr.pl\/en\/wp-json\/wp\/v2\/categories?post=815"},{"taxonomy":"post_tag","embeddable":true,"href":"https:\/\/mto-kr.pl\/en\/wp-json\/wp\/v2\/tags?post=815"}],"curies":[{"name":"wp","href":"https:\/\/api.w.org\/{rel}","templated":true}]}}