{"id":822,"date":"2018-11-26T12:46:47","date_gmt":"2018-11-26T11:46:47","guid":{"rendered":"https:\/\/mto-kr.pl\/?p=822"},"modified":"2018-11-26T12:47:38","modified_gmt":"2018-11-26T11:47:38","slug":"inwentaryzacja-rzek-w-2018-r-podsumowanie","status":"publish","type":"post","link":"https:\/\/mto-kr.pl\/en\/2018\/11\/26\/inwentaryzacja-rzek-w-2018-r-podsumowanie\/","title":{"rendered":"Inwentaryzacja rzek w 2018 r. &#8211; podsumowanie"},"content":{"rendered":"<p><a href=\"https:\/\/mto-kr.pl\/wp-content\/uploads\/2018\/11\/rybitwa-rzeczna_Z-20180524_065_WilkT.jpg\"><img loading=\"lazy\" decoding=\"async\" class=\"alignleft size-medium wp-image-823\" src=\"https:\/\/mto-kr.pl\/wp-content\/uploads\/2018\/11\/rybitwa-rzeczna_Z-20180524_065_WilkT-300x200.jpg\" alt=\"Gniazdo rybitwy rzecznej (fot. T.Wilk)\" width=\"300\" height=\"200\" srcset=\"https:\/\/mto-kr.pl\/wp-content\/uploads\/2018\/11\/rybitwa-rzeczna_Z-20180524_065_WilkT-300x200.jpg 300w, https:\/\/mto-kr.pl\/wp-content\/uploads\/2018\/11\/rybitwa-rzeczna_Z-20180524_065_WilkT-768x512.jpg 768w, https:\/\/mto-kr.pl\/wp-content\/uploads\/2018\/11\/rybitwa-rzeczna_Z-20180524_065_WilkT-1024x683.jpg 1024w, https:\/\/mto-kr.pl\/wp-content\/uploads\/2018\/11\/rybitwa-rzeczna_Z-20180524_065_WilkT-525x350.jpg 525w, https:\/\/mto-kr.pl\/wp-content\/uploads\/2018\/11\/rybitwa-rzeczna_Z-20180524_065_WilkT-150x100.jpg 150w, https:\/\/mto-kr.pl\/wp-content\/uploads\/2018\/11\/rybitwa-rzeczna_Z-20180524_065_WilkT.jpg 1200w\" sizes=\"auto, (max-width: 300px) 100vw, 300px\" \/><\/a><\/p>\n<p style=\"text-align: justify;\"><strong>W okresie od maja do czerwca 2018 r. Ma\u0142opolskie Towarzystwo Ornitologicznej przeprowadzi\u0142o inwentaryzacj\u0119 wybranych odcink\u00f3w rzek w regionie ornitologicznym Polski po\u0142udniowo-wschodniej.<\/strong> Prace terenowe mo\u017cliwe by\u0142y m.in. dzi\u0119ki zebraniu funduszy poprzez publiczn\u0105 zbi\u00f3rk\u0119 na portalu Pomagam.pl \u2013 w tym miejscu dzi\u0119kujemy wszystkim, kt\u00f3rzy przekazali pieni\u0105dze \u2013 dzi\u0119ki nim mo\u017cliwe by\u0142o zrealizowanie naszych plan\u00f3w. Serdeczne podzi\u0119kowania sk\u0142adamy r\u00f3wnie\u017c <strong>Dawidowi Kilonowi\u00a0<\/strong>(<a href=\"https:\/\/mergus.pl\/\">https:\/\/mergus.pl\/<\/a>), kt\u00f3ry podarowa\u0142 nam swoje rysunki na kubki (w naszym plebiscycie dziobem projektu zosta\u0142 rycyk) oraz <strong>Pa\u0144stwu Grynda<\/strong> z Tucholi (<a href=\"https:\/\/www.galanteriadrewniana.com\">https:\/\/www.galanteriadrewniana.com<\/a>) za wsparcie zni\u017ck\u0105 na breloczki.<\/p>\n<p style=\"text-align: justify;\">\u0141\u0105cznie badaniami obj\u0119to <strong>205 km<\/strong> rzek, z czego wi\u0119kszo\u015b\u0107, bo <strong>148 km<\/strong> skontrolowano w trakcie sp\u0142yw\u00f3w. Skoncentrowano si\u0119 na tych rzekach regionu, gdzie dost\u0119pne informacje z poprzednich lat wskazywa\u0142y na wyst\u0119powanie ptak\u00f3w charakterystycznych dla koryt rzecznych, w szczeg\u00f3lno\u015bci kolonii mew i rybitw \u2013 kontrolami obj\u0119to wi\u0119c wybrane odcinki Wis\u0142y, Sanu i Dunajca. Dodatkowo skontrolowano ok. 30 zbiornik\u00f3w wodnych le\u017c\u0105cych w dolinach tych rzek (w szczeg\u00f3lno\u015bci Dunajca) \u2013 g\u0142\u00f3wnie \u017cwirowni i starorzeczy.<\/p>\n<p style=\"text-align: justify;\">W trakcie bada\u0144 zebrano \u0142\u0105cznie ok. <strong>1300 <\/strong>obserwacji ptak\u00f3w, z czego znaczna cz\u0119\u015b\u0107 dotyczy\u0142a ptak\u00f3w zwi\u0105zanych z korytami rzek \u2013 dla wszystkich tych gatunk\u00f3w zebrano m.in. informacje o dok\u0142adnej lokalizacji stanowisk l\u0119gowych. W trakcie prac terenowych odnotowano m.in.:<\/p>\n<ul>\n<li style=\"text-align: justify;\">rybitwa rzeczna \u2013 255 par (w tym 196 gniazd)<\/li>\n<li style=\"text-align: justify;\">rybitwa bia\u0142oczelna \u2013 84 pary (41 gniazd)<\/li>\n<li style=\"text-align: justify;\">\u015bmieszka \u2013 230 par (117 gniazd)<\/li>\n<li style=\"text-align: justify;\">mewa pospolita \u2013 13 par (3 gniazda)<\/li>\n<li style=\"text-align: justify;\">mewa czarnog\u0142owa \u2013 1 para z gniazdem<\/li>\n<li style=\"text-align: justify;\">ostrygojad \u2013 5 par (3 gniazda)<\/li>\n<li style=\"text-align: justify;\">sieweczka rzeczna \u2013 139 par (13 gniazd)<\/li>\n<li style=\"text-align: justify;\">brodziec piskliwy \u2013 33 pary<\/li>\n<li style=\"text-align: justify;\">brzeg\u00f3wka \u2013 1108 gniazd<\/li>\n<\/ul>\n<p style=\"text-align: justify;\">Uzyskane dane znacz\u0105co zwi\u0119kszaj\u0105 nasza wiedz\u0119 o ptakach koryt rzecznych w regionie. Jednocze\u015bnie potwierdzaj\u0105, \u017ce podj\u0119ta inicjatywa warta by\u0142a podj\u0119cia trudu logistycznego, a tak\u017ce zaanga\u017cowania \u015brodk\u00f3w przekazanych przez sympatyk\u00f3w MTO. \u015arodki jakie pozosta\u0142y w ramach projektu, planujemy przeznaczy\u0107 w przysz\u0142ym sezonie na kontynuacj\u0119 inwentaryzacji wybranych fragment\u00f3w rzek oraz zbiornik\u00f3w w dolinach rzecznych.<\/p>\n<p style=\"text-align: justify;\">Zgodnie z za\u0142o\u017ceniami inicjatywy, dla najcenniejszych fragment\u00f3w rzek przygotowana zostanie przez cz\u0142onk\u00f3w Rady MTO dokumentacja wraz z wnioskiem o ochron\u0119 najcenniejszych stanowisk \u2013 zostanie ona z\u0142o\u017cona do w\u0142a\u015bciwych regionalnych dyrekcji ochrony \u015brodowiska. Ze wzgl\u0119du na kontynuacj\u0119 projektu, dokumentacja zostanie przygotowana, nie tej jesieni, jak pierwotnie planowano, a po zako\u0144czeniu przysz\u0142orocznych prac terenowych \u2013 a wi\u0119c w jesieni 2019.<\/p>\n<p style=\"text-align: right;\"><em>Tomasz Wilk<\/em><\/p>","protected":false},"excerpt":{"rendered":"<p>W okresie od maja do czerwca 2018 r. Ma\u0142opolskie Towarzystwo Ornitologicznej przeprowadzi\u0142o inwentaryzacj\u0119 wybranych odcink\u00f3w rzek w regionie ornitologicznym Polski po\u0142udniowo-wschodniej. Prace terenowe mo\u017cliwe by\u0142y m.in. dzi\u0119ki zebraniu funduszy poprzez publiczn\u0105 zbi\u00f3rk\u0119 na portalu Pomagam.pl \u2013 w tym miejscu dzi\u0119kujemy wszystkim, kt\u00f3rzy przekazali pieni\u0105dze \u2013 dzi\u0119ki nim mo\u017cliwe by\u0142o zrealizowanie naszych plan\u00f3w. Serdeczne podzi\u0119kowania sk\u0142adamy r\u00f3wnie\u017c Dawidowi Kilonowi\u00a0(https:\/\/mergus.pl\/), kt\u00f3ry podarowa\u0142 nam swoje rysunki na kubki (w naszym plebiscycie dziobem projektu zosta\u0142 rycyk) oraz Pa\u0144stwu Grynda z Tucholi (https:\/\/www.galanteriadrewniana.com) za wsparcie zni\u017ck\u0105 na breloczki. \u0141\u0105cznie badaniami obj\u0119to 205 km rzek, z czego wi\u0119kszo\u015b\u0107, bo 148 km skontrolowano w trakcie sp\u0142yw\u00f3w. Skoncentrowano\u2026 <a class=\"continue-reading-link\" href=\"https:\/\/mto-kr.pl\/en\/2018\/11\/26\/inwentaryzacja-rzek-w-2018-r-podsumowanie\/\">Czytaj dalej&#8230;<\/a><\/p>","protected":false},"author":1,"featured_media":823,"comment_status":"open","ping_status":"open","sticky":false,"template":"","format":"standard","meta":{"_monsterinsights_skip_tracking":false,"footnotes":""},"categories":[4],"tags":[],"class_list":["post-822","post","type-post","status-publish","format-standard","has-post-thumbnail","hentry","category-aktualnosci"],"_links":{"self":[{"href":"https:\/\/mto-kr.pl\/en\/wp-json\/wp\/v2\/posts\/822","targetHints":{"allow":["GET"]}}],"collection":[{"href":"https:\/\/mto-kr.pl\/en\/wp-json\/wp\/v2\/posts"}],"about":[{"href":"https:\/\/mto-kr.pl\/en\/wp-json\/wp\/v2\/types\/post"}],"author":[{"embeddable":true,"href":"https:\/\/mto-kr.pl\/en\/wp-json\/wp\/v2\/users\/1"}],"replies":[{"embeddable":true,"href":"https:\/\/mto-kr.pl\/en\/wp-json\/wp\/v2\/comments?post=822"}],"version-history":[{"count":2,"href":"https:\/\/mto-kr.pl\/en\/wp-json\/wp\/v2\/posts\/822\/revisions"}],"predecessor-version":[{"id":825,"href":"https:\/\/mto-kr.pl\/en\/wp-json\/wp\/v2\/posts\/822\/revisions\/825"}],"wp:featuredmedia":[{"embeddable":true,"href":"https:\/\/mto-kr.pl\/en\/wp-json\/wp\/v2\/media\/823"}],"wp:attachment":[{"href":"https:\/\/mto-kr.pl\/en\/wp-json\/wp\/v2\/media?parent=822"}],"wp:term":[{"taxonomy":"category","embeddable":true,"href":"https:\/\/mto-kr.pl\/en\/wp-json\/wp\/v2\/categories?post=822"},{"taxonomy":"post_tag","embeddable":true,"href":"https:\/\/mto-kr.pl\/en\/wp-json\/wp\/v2\/tags?post=822"}],"curies":[{"name":"wp","href":"https:\/\/api.w.org\/{rel}","templated":true}]}}