{"id":943,"date":"2019-01-30T17:34:06","date_gmt":"2019-01-30T16:34:06","guid":{"rendered":"https:\/\/mto-kr.pl\/?p=943"},"modified":"2019-01-31T05:30:04","modified_gmt":"2019-01-31T04:30:04","slug":"pilne-zmiana-terminu-wycieczki-na-osadniki-w-pleszowie","status":"publish","type":"post","link":"https:\/\/mto-kr.pl\/en\/2019\/01\/30\/pilne-zmiana-terminu-wycieczki-na-osadniki-w-pleszowie\/","title":{"rendered":"Pilne: Zmiana terminu wycieczki na osadniki w Pleszowie"},"content":{"rendered":"<p style=\"text-align: justify;\"><strong>Informujemy, \u017ce uleg\u0142 zmianie termin ostatniej zimowej wycieczki z Ma\u0142opolskim Towarzystwem Ornitologicznym.\u00a0<\/strong><\/p>\n<p style=\"text-align: justify;\">Wycieczka po osadnikach w Krakowie-Pleszowie i dolin\u0105 Wis\u0142y<span style=\"color: #ff0000;\"> odb\u0119dzie si\u0119 w sobot\u0119 <strong>16 lutego<\/strong><\/span>, a nie jak pierwotnie podawano 23 lutego. Spacer poprowadzi Tomasz Wilk.<\/p>\n<p style=\"text-align: justify;\">Zbi\u00f3rka na wycieczk\u0119 16 lutego o godz. 7:30 przy barze &#8222;Meksyk&#8221; ul. Igo\u0142omska.<\/p>\n<p style=\"text-align: justify;\"><a href=\"https:\/\/mto-kr.pl\/en\/program-wycieczek-mto\/\">Zobacz program wycieczek MTO (kliknij)<\/a><\/p>\n<p style=\"text-align: right;\"><em>JT, JW<\/em><\/p>\n<p>&nbsp;<\/p>","protected":false},"excerpt":{"rendered":"<p>Informujemy, \u017ce uleg\u0142 zmianie termin ostatniej zimowej wycieczki z Ma\u0142opolskim Towarzystwem Ornitologicznym.\u00a0 Wycieczka po osadnikach w Krakowie-Pleszowie i dolin\u0105 Wis\u0142y odb\u0119dzie si\u0119 w sobot\u0119 16 lutego, a nie jak pierwotnie podawano 23 lutego. Spacer poprowadzi Tomasz Wilk. Zbi\u00f3rka na wycieczk\u0119 16 lutego o godz. 7:30 przy barze &#8222;Meksyk&#8221; ul. Igo\u0142omska. Zobacz program wycieczek MTO (kliknij) JT, JW &nbsp; <a class=\"continue-reading-link\" href=\"https:\/\/mto-kr.pl\/en\/2019\/01\/30\/pilne-zmiana-terminu-wycieczki-na-osadniki-w-pleszowie\/\">Czytaj dalej&#8230;<\/a><\/p>","protected":false},"author":1,"featured_media":529,"comment_status":"closed","ping_status":"open","sticky":false,"template":"","format":"standard","meta":{"_monsterinsights_skip_tracking":false,"footnotes":""},"categories":[4],"tags":[],"class_list":["post-943","post","type-post","status-publish","format-standard","has-post-thumbnail","hentry","category-aktualnosci"],"_links":{"self":[{"href":"https:\/\/mto-kr.pl\/en\/wp-json\/wp\/v2\/posts\/943","targetHints":{"allow":["GET"]}}],"collection":[{"href":"https:\/\/mto-kr.pl\/en\/wp-json\/wp\/v2\/posts"}],"about":[{"href":"https:\/\/mto-kr.pl\/en\/wp-json\/wp\/v2\/types\/post"}],"author":[{"embeddable":true,"href":"https:\/\/mto-kr.pl\/en\/wp-json\/wp\/v2\/users\/1"}],"replies":[{"embeddable":true,"href":"https:\/\/mto-kr.pl\/en\/wp-json\/wp\/v2\/comments?post=943"}],"version-history":[{"count":2,"href":"https:\/\/mto-kr.pl\/en\/wp-json\/wp\/v2\/posts\/943\/revisions"}],"predecessor-version":[{"id":945,"href":"https:\/\/mto-kr.pl\/en\/wp-json\/wp\/v2\/posts\/943\/revisions\/945"}],"wp:featuredmedia":[{"embeddable":true,"href":"https:\/\/mto-kr.pl\/en\/wp-json\/wp\/v2\/media\/529"}],"wp:attachment":[{"href":"https:\/\/mto-kr.pl\/en\/wp-json\/wp\/v2\/media?parent=943"}],"wp:term":[{"taxonomy":"category","embeddable":true,"href":"https:\/\/mto-kr.pl\/en\/wp-json\/wp\/v2\/categories?post=943"},{"taxonomy":"post_tag","embeddable":true,"href":"https:\/\/mto-kr.pl\/en\/wp-json\/wp\/v2\/tags?post=943"}],"curies":[{"name":"wp","href":"https:\/\/api.w.org\/{rel}","templated":true}]}}