{"id":946,"date":"2019-02-08T22:15:43","date_gmt":"2019-02-08T21:15:43","guid":{"rendered":"https:\/\/mto-kr.pl\/?p=946"},"modified":"2019-02-08T22:18:41","modified_gmt":"2019-02-08T21:18:41","slug":"konkurs-obserwuj-wprowadzaj-i-wygrywaj","status":"publish","type":"post","link":"https:\/\/mto-kr.pl\/en\/2019\/02\/08\/konkurs-obserwuj-wprowadzaj-i-wygrywaj\/","title":{"rendered":"Konkurs: Obserwuj, wprowadzaj i wygrywaj!"},"content":{"rendered":"<p style=\"font-weight: 400; text-align: justify;\"><strong><a href=\"https:\/\/mto-kr.pl\/wp-content\/uploads\/2019\/02\/rudzik_male.jpg\"><img loading=\"lazy\" decoding=\"async\" class=\"alignleft size-medium wp-image-947\" src=\"https:\/\/mto-kr.pl\/wp-content\/uploads\/2019\/02\/rudzik_male-300x200.jpg\" alt=\"Rudzik (fot. Jakub Wyka)\" width=\"300\" height=\"200\" srcset=\"https:\/\/mto-kr.pl\/wp-content\/uploads\/2019\/02\/rudzik_male-300x200.jpg 300w, https:\/\/mto-kr.pl\/wp-content\/uploads\/2019\/02\/rudzik_male-768x512.jpg 768w, https:\/\/mto-kr.pl\/wp-content\/uploads\/2019\/02\/rudzik_male-525x350.jpg 525w, https:\/\/mto-kr.pl\/wp-content\/uploads\/2019\/02\/rudzik_male-150x100.jpg 150w, https:\/\/mto-kr.pl\/wp-content\/uploads\/2019\/02\/rudzik_male.jpg 787w\" sizes=\"auto, (max-width: 300px) 100vw, 300px\" \/><\/a>Og\u0142aszamy konkurs dla wszystkich obserwator\u00f3w ptak\u00f3w w Ma\u0142opolsce! <\/strong><\/p>\n<p style=\"font-weight: 400; text-align: justify;\">W\u015br\u00f3d os\u00f3b, kt\u00f3re wprowadz\u0105\u00a0<strong>co najmniej 300 obserwacji<\/strong>\u00a0z bie\u017c\u0105cego okresu zimowego, trwaj\u0105cego od 1 grudnia 2018 do 28 lutego 2019 r. rozlosujemy 2 nagrody ksi\u0105\u017ckowe, a w\u015br\u00f3d wszystkich, kt\u00f3rzy z tego okresu wprowadz\u0105 co najmniej 30 obserwacji \u2013 kolejne 3 ksi\u0105\u017cki.<br \/>\nOsoby z ilo\u015bci\u0105 obserwacji wi\u0119ksz\u0105 ni\u017c 300 b\u0119d\u0105 mog\u0142y sobie same wybra\u0107 pozycj\u0119 ksi\u0105\u017ckow\u0105, pozosta\u0142ym nagrodzonym sami wybierzemy tytu\u0142.<\/p>\n<p style=\"font-weight: 400; text-align: justify;\">Zach\u0119camy do udzia\u0142u \u2013 nie tylko dla nagr\u00f3d, ale przede wszystkim dla satysfakcji, \u017ce Twoje obserwacje przyczyni\u0105 si\u0119 do wzbogacenia wiedzy o ptakach naszego regionu!<\/p>\n<p style=\"text-align: justify;\">Pozdrawiam w imieniu zespo\u0142u koordynuj\u0105cego projekt\u00a0<a href=\"http:\/\/www.iop.krakow.pl\/dbPtak\/atlas\">Atlas ptak\u00f3w l\u0119gowych i zimuj\u0105cych Polski po\u0142udniowo-wschodniej 2014-2020<\/a>.<\/p>\n<p style=\"font-weight: 400; text-align: right;\"><em>Tomek Wilk<\/em><\/p>","protected":false},"excerpt":{"rendered":"<p>Og\u0142aszamy konkurs dla wszystkich obserwator\u00f3w ptak\u00f3w w Ma\u0142opolsce! W\u015br\u00f3d os\u00f3b, kt\u00f3re wprowadz\u0105\u00a0co najmniej 300 obserwacji\u00a0z bie\u017c\u0105cego okresu zimowego, trwaj\u0105cego od 1 grudnia 2018 do 28 lutego 2019 r. rozlosujemy 2 nagrody ksi\u0105\u017ckowe, a w\u015br\u00f3d wszystkich, kt\u00f3rzy z tego okresu wprowadz\u0105 co najmniej 30 obserwacji \u2013 kolejne 3 ksi\u0105\u017cki. Osoby z ilo\u015bci\u0105 obserwacji wi\u0119ksz\u0105 ni\u017c 300 b\u0119d\u0105 mog\u0142y sobie same wybra\u0107 pozycj\u0119 ksi\u0105\u017ckow\u0105, pozosta\u0142ym nagrodzonym sami wybierzemy tytu\u0142. Zach\u0119camy do udzia\u0142u \u2013 nie tylko dla nagr\u00f3d, ale przede wszystkim dla satysfakcji, \u017ce Twoje obserwacje przyczyni\u0105 si\u0119 do wzbogacenia wiedzy o ptakach naszego regionu! Pozdrawiam w imieniu zespo\u0142u koordynuj\u0105cego projekt\u00a0Atlas ptak\u00f3w l\u0119gowych\u2026 <a class=\"continue-reading-link\" href=\"https:\/\/mto-kr.pl\/en\/2019\/02\/08\/konkurs-obserwuj-wprowadzaj-i-wygrywaj\/\">Czytaj dalej&#8230;<\/a><\/p>","protected":false},"author":1,"featured_media":947,"comment_status":"closed","ping_status":"open","sticky":false,"template":"","format":"standard","meta":{"_monsterinsights_skip_tracking":false,"footnotes":""},"categories":[4],"tags":[],"class_list":["post-946","post","type-post","status-publish","format-standard","has-post-thumbnail","hentry","category-aktualnosci"],"_links":{"self":[{"href":"https:\/\/mto-kr.pl\/en\/wp-json\/wp\/v2\/posts\/946","targetHints":{"allow":["GET"]}}],"collection":[{"href":"https:\/\/mto-kr.pl\/en\/wp-json\/wp\/v2\/posts"}],"about":[{"href":"https:\/\/mto-kr.pl\/en\/wp-json\/wp\/v2\/types\/post"}],"author":[{"embeddable":true,"href":"https:\/\/mto-kr.pl\/en\/wp-json\/wp\/v2\/users\/1"}],"replies":[{"embeddable":true,"href":"https:\/\/mto-kr.pl\/en\/wp-json\/wp\/v2\/comments?post=946"}],"version-history":[{"count":4,"href":"https:\/\/mto-kr.pl\/en\/wp-json\/wp\/v2\/posts\/946\/revisions"}],"predecessor-version":[{"id":952,"href":"https:\/\/mto-kr.pl\/en\/wp-json\/wp\/v2\/posts\/946\/revisions\/952"}],"wp:featuredmedia":[{"embeddable":true,"href":"https:\/\/mto-kr.pl\/en\/wp-json\/wp\/v2\/media\/947"}],"wp:attachment":[{"href":"https:\/\/mto-kr.pl\/en\/wp-json\/wp\/v2\/media?parent=946"}],"wp:term":[{"taxonomy":"category","embeddable":true,"href":"https:\/\/mto-kr.pl\/en\/wp-json\/wp\/v2\/categories?post=946"},{"taxonomy":"post_tag","embeddable":true,"href":"https:\/\/mto-kr.pl\/en\/wp-json\/wp\/v2\/tags?post=946"}],"curies":[{"name":"wp","href":"https:\/\/api.w.org\/{rel}","templated":true}]}}