{"id":953,"date":"2019-01-18T22:19:03","date_gmt":"2019-01-18T21:19:03","guid":{"rendered":"https:\/\/mto-kr.pl\/?p=953"},"modified":"2019-02-08T23:17:49","modified_gmt":"2019-02-08T22:17:49","slug":"najaktywniejsi-obserwatorzy-nagrodzeni","status":"publish","type":"post","link":"https:\/\/mto-kr.pl\/en\/2019\/01\/18\/najaktywniejsi-obserwatorzy-nagrodzeni\/","title":{"rendered":"Najaktywniejsi obserwatorzy nagrodzeni"},"content":{"rendered":"<p style=\"font-weight: 400; text-align: justify;\"><strong>W lecie og\u0142osili\u015bmy konkurs w\u015br\u00f3d os\u00f3b, kt\u00f3re aktywnie wspieraj\u0105 nasz projekt <a href=\"http:\/\/www.iop.krakow.pl\/dbPtak\/atlas\">Atlas ptak\u00f3w l\u0119gowych i zimuj\u0105cych Polski po\u0142udniowo-wschodniej 2014-2020<\/a> i wpisuj\u0105 dane do bazy danyh.<\/strong><\/p>\n<p style=\"font-weight: 400; text-align: justify;\">W tym tygodniu rozwi\u0105zali\u015bmy konkurs. Rozlosowali\u015bmy \u0142\u0105cznie 5 nagr\u00f3d \u2013 2 spo\u015br\u00f3d os\u00f3b, kt\u00f3re w okresie letnim wprowadzi\u0142y ponad 1000 obserwacji i 3 kolejne w\u015br\u00f3d wszystkich u\u017cytkownik\u00f3w bazy danych dbPtak.<\/p>\n<p style=\"font-weight: 400; text-align: justify;\">Nagrodami s\u0105 ksi\u0105\u017cki: Ostoje ptak\u00f3w w Polsce, Przyroda polskich Karpat, Ptaki polskich Karpat, Podr\u0119cznik monitoringu ptak\u00f3w.<\/p>\n<p style=\"font-weight: 400; text-align: justify;\">Wszystkim uczestnikom zosta\u0142y przydzielone numerki i przy pomocy generatora liczb losowych, wskazano nast\u0119puj\u0105cych wygranych:<\/p>\n<ol style=\"text-align: justify;\">\n<li style=\"font-weight: 400;\">J\u00f3zef Duka\u0142a (&gt;1000 obserwacji)<\/li>\n<li style=\"font-weight: 400;\">Jacek Niemiec (&gt;1000 obserwacji)<\/li>\n<li style=\"font-weight: 400;\">Piotr Skucha<\/li>\n<li style=\"font-weight: 400;\">Konrad Kraso\u0144<\/li>\n<li style=\"font-weight: 400;\">Przemys\u0142aw Wachniew<\/li>\n<\/ol>\n<p style=\"font-weight: 400; text-align: justify;\">Dwie pierwsze osoby b\u0119d\u0105 sobie mog\u0142y wybra\u0107 interesuj\u0105ce je tytu\u0142y, pozosta\u0142e otrzymaj\u0105 wskazane przez nas pozycje ksi\u0105\u017ckowe.<\/p>\n<p style=\"font-weight: 400; text-align: justify;\">Serdecznie dzi\u0119kujemy za przekazane dane i jednocze\u015bnie gratulujemy! Z nagrodzonymi skontaktuj\u0119 si\u0119 osobi\u015bcie w sprawie przekazania nagr\u00f3d.<\/p>\n<p style=\"text-align: right;\"><em>Tomek Wilk<\/em><\/p>","protected":false},"excerpt":{"rendered":"<p>W lecie og\u0142osili\u015bmy konkurs w\u015br\u00f3d os\u00f3b, kt\u00f3re aktywnie wspieraj\u0105 nasz projekt Atlas ptak\u00f3w l\u0119gowych i zimuj\u0105cych Polski po\u0142udniowo-wschodniej 2014-2020 i wpisuj\u0105 dane do bazy danyh. W tym tygodniu rozwi\u0105zali\u015bmy konkurs. Rozlosowali\u015bmy \u0142\u0105cznie 5 nagr\u00f3d \u2013 2 spo\u015br\u00f3d os\u00f3b, kt\u00f3re w okresie letnim wprowadzi\u0142y ponad 1000 obserwacji i 3 kolejne w\u015br\u00f3d wszystkich u\u017cytkownik\u00f3w bazy danych dbPtak. Nagrodami s\u0105 ksi\u0105\u017cki: Ostoje ptak\u00f3w w Polsce, Przyroda polskich Karpat, Ptaki polskich Karpat, Podr\u0119cznik monitoringu ptak\u00f3w. Wszystkim uczestnikom zosta\u0142y przydzielone numerki i przy pomocy generatora liczb losowych, wskazano nast\u0119puj\u0105cych wygranych: J\u00f3zef Duka\u0142a (&gt;1000 obserwacji) Jacek Niemiec (&gt;1000 obserwacji) Piotr Skucha Konrad Kraso\u0144 Przemys\u0142aw Wachniew Dwie\u2026 <a class=\"continue-reading-link\" href=\"https:\/\/mto-kr.pl\/en\/2019\/01\/18\/najaktywniejsi-obserwatorzy-nagrodzeni\/\">Czytaj dalej&#8230;<\/a><\/p>","protected":false},"author":1,"featured_media":954,"comment_status":"closed","ping_status":"open","sticky":false,"template":"","format":"standard","meta":{"_monsterinsights_skip_tracking":false,"footnotes":""},"categories":[4],"tags":[],"class_list":["post-953","post","type-post","status-publish","format-standard","has-post-thumbnail","hentry","category-aktualnosci"],"_links":{"self":[{"href":"https:\/\/mto-kr.pl\/en\/wp-json\/wp\/v2\/posts\/953","targetHints":{"allow":["GET"]}}],"collection":[{"href":"https:\/\/mto-kr.pl\/en\/wp-json\/wp\/v2\/posts"}],"about":[{"href":"https:\/\/mto-kr.pl\/en\/wp-json\/wp\/v2\/types\/post"}],"author":[{"embeddable":true,"href":"https:\/\/mto-kr.pl\/en\/wp-json\/wp\/v2\/users\/1"}],"replies":[{"embeddable":true,"href":"https:\/\/mto-kr.pl\/en\/wp-json\/wp\/v2\/comments?post=953"}],"version-history":[{"count":1,"href":"https:\/\/mto-kr.pl\/en\/wp-json\/wp\/v2\/posts\/953\/revisions"}],"predecessor-version":[{"id":955,"href":"https:\/\/mto-kr.pl\/en\/wp-json\/wp\/v2\/posts\/953\/revisions\/955"}],"wp:featuredmedia":[{"embeddable":true,"href":"https:\/\/mto-kr.pl\/en\/wp-json\/wp\/v2\/media\/954"}],"wp:attachment":[{"href":"https:\/\/mto-kr.pl\/en\/wp-json\/wp\/v2\/media?parent=953"}],"wp:term":[{"taxonomy":"category","embeddable":true,"href":"https:\/\/mto-kr.pl\/en\/wp-json\/wp\/v2\/categories?post=953"},{"taxonomy":"post_tag","embeddable":true,"href":"https:\/\/mto-kr.pl\/en\/wp-json\/wp\/v2\/tags?post=953"}],"curies":[{"name":"wp","href":"https:\/\/api.w.org\/{rel}","templated":true}]}}