{"id":956,"date":"2019-01-28T23:38:41","date_gmt":"2019-01-28T22:38:41","guid":{"rendered":"https:\/\/mto-kr.pl\/?p=956"},"modified":"2019-02-08T23:45:49","modified_gmt":"2019-02-08T22:45:49","slug":"spacer-po-miejskim-odcinku-wisly","status":"publish","type":"post","link":"https:\/\/mto-kr.pl\/en\/2019\/01\/28\/spacer-po-miejskim-odcinku-wisly\/","title":{"rendered":"Spacer po miejskim odcinku Wis\u0142y"},"content":{"rendered":"<p style=\"text-align: justify;\"><strong>W sobot\u0119 26 stycznia mia\u0142a miejsce wycieczka\u00a0<span class=\"il\">MTO<\/span>\u00a0na odcinku miejskim Wis\u0142y w Krakowie. Pojawi\u0142o si\u0119 5 os\u00f3b. Co ciekawe, w czasie przej\u015bcia wycieczkowicz\u00f3w, na ca\u0142ym odcinku trasy wzd\u0142u\u017c Wis\u0142y, spotka\u0107 mo\u017cna by\u0142o bardzo ma\u0142o ludzi.<\/strong><\/p>\n<p style=\"text-align: justify;\">Zimowa aura sprzyja\u0142a ciekawym obserwacjom. Wis\u0142a w wielu miejscach zamarz\u0142a, co umo\u017cliwi\u0142o \u0142atwe sprawdzanie mew pod k\u0105tem posiadanych obr\u0105czek. Uda\u0142o si\u0119 odczyta\u0107 dwie plastikowe obr\u0105czki na \u015bmieszkach oraz jedn\u0105 aluminiow\u0105 na samcu kaczki krzy\u017c\u00f3wki. Na ca\u0142ym odcinku zestaw gatunk\u00f3w by\u0142 do\u015b\u0107 ubogi, dopiero poni\u017cej zapory D\u0105bie by\u0142o wi\u0119cej gatunk\u00f3w.<\/p>\n<p style=\"text-align: right;\"><em>tekst i foto: Kazimierz Walasz<\/em><\/p>\n<p style=\"text-align: justify;\">Pe\u0142na lista spotkanych gatunk\u00f3w ptak\u00f3w:<br \/>\n1. \u0142ab\u0119d\u017a niemy<br \/>\n2. krzy\u017c\u00f3wka<br \/>\n3. czernica<br \/>\n4. g\u0142owienka<br \/>\n5. g\u0105go\u0142<br \/>\n6. nurog\u0119\u015b<br \/>\n7. \u0142yska<br \/>\n8. kokoszka<br \/>\n9. perkozek<br \/>\n10. kormoran czarny<br \/>\n11. mewa bia\u0142og\u0142owa<br \/>\n12. mewa siwa<br \/>\n13. \u015bmieszka<br \/>\n14. dzi\u0119cio\u0142 du\u017cy<br \/>\n15. go\u0142\u0105b miejski<br \/>\n16. sierp\u00f3wka<br \/>\n17. strzy\u017cyk<br \/>\n18. kos<br \/>\n19. kwiczo\u0142<br \/>\n20. bogatka<br \/>\n21. modraszka<br \/>\n22. raniuszek<br \/>\n23. sroka<br \/>\n24. s\u00f3jka<br \/>\n25. gawron<br \/>\n26. wrona siwa<br \/>\n27. kawka<\/p>\n\n\t\t<style>\n\t\t\t#gallery-1 {\n\t\t\t\tmargin: auto;\n\t\t\t}\n\t\t\t#gallery-1 .gallery-item {\n\t\t\t\tfloat: left;\n\t\t\t\tmargin-top: 10px;\n\t\t\t\ttext-align: center;\n\t\t\t\twidth: 20%;\n\t\t\t}\n\t\t\t#gallery-1 img {\n\t\t\t\tborder: 2px solid #cfcfcf;\n\t\t\t}\n\t\t\t#gallery-1 .gallery-caption {\n\t\t\t\tmargin-left: 0;\n\t\t\t}\n\t\t\t\/* see gallery_shortcode() in wp-includes\/media.php *\/\n\t\t<\/style>\n\t\t<div id='gallery-1' class='gallery galleryid-956 gallery-columns-5 gallery-size-thumbnail'><dl class='gallery-item'>\n\t\t\t<dt class='gallery-icon landscape'>\n\t\t\t\t<a href='https:\/\/mto-kr.pl\/wp-content\/uploads\/2019\/02\/1_Kr_Wisla_10126_M_Kolejowy2_Dabie_fot_KWalasz_1063_DSC00249_.jpg'><img loading=\"lazy\" decoding=\"async\" width=\"150\" height=\"150\" src=\"https:\/\/mto-kr.pl\/wp-content\/uploads\/2019\/02\/1_Kr_Wisla_10126_M_Kolejowy2_Dabie_fot_KWalasz_1063_DSC00249_-150x150.jpg\" class=\"attachment-thumbnail size-thumbnail\" alt=\"\" \/><\/a>\n\t\t\t<\/dt><\/dl><dl class='gallery-item'>\n\t\t\t<dt class='gallery-icon landscape'>\n\t\t\t\t<a href='https:\/\/mto-kr.pl\/wp-content\/uploads\/2019\/02\/2_Kr_Wisla_10126M_Pilsud_M_Kolejowy1_fot_KWalasz_0884_DSC09680_.jpg'><img loading=\"lazy\" decoding=\"async\" width=\"150\" height=\"150\" src=\"https:\/\/mto-kr.pl\/wp-content\/uploads\/2019\/02\/2_Kr_Wisla_10126M_Pilsud_M_Kolejowy1_fot_KWalasz_0884_DSC09680_-150x150.jpg\" class=\"attachment-thumbnail size-thumbnail\" alt=\"\" \/><\/a>\n\t\t\t<\/dt><\/dl><dl class='gallery-item'>\n\t\t\t<dt class='gallery-icon landscape'>\n\t\t\t\t<a href='https:\/\/mto-kr.pl\/wp-content\/uploads\/2019\/02\/3_Kr_Wisla_10126_Wawel_M_Grunwal_fot_KWalasz_0096_DSC08040_.jpg'><img loading=\"lazy\" decoding=\"async\" width=\"150\" height=\"150\" src=\"https:\/\/mto-kr.pl\/wp-content\/uploads\/2019\/02\/3_Kr_Wisla_10126_Wawel_M_Grunwal_fot_KWalasz_0096_DSC08040_-150x150.jpg\" class=\"attachment-thumbnail size-thumbnail\" alt=\"\" \/><\/a>\n\t\t\t<\/dt><\/dl><dl class='gallery-item'>\n\t\t\t<dt class='gallery-icon landscape'>\n\t\t\t\t<a href='https:\/\/mto-kr.pl\/wp-content\/uploads\/2019\/02\/5_Kr_Wisla_10126_M_Grunwal_M_Pilsud_fot_KWalasz_0443_DSC08965_.jpg'><img loading=\"lazy\" decoding=\"async\" width=\"150\" height=\"150\" src=\"https:\/\/mto-kr.pl\/wp-content\/uploads\/2019\/02\/5_Kr_Wisla_10126_M_Grunwal_M_Pilsud_fot_KWalasz_0443_DSC08965_-150x150.jpg\" class=\"attachment-thumbnail size-thumbnail\" alt=\"\" \/><\/a>\n\t\t\t<\/dt><\/dl><dl class='gallery-item'>\n\t\t\t<dt class='gallery-icon landscape'>\n\t\t\t\t<a href='https:\/\/mto-kr.pl\/wp-content\/uploads\/2019\/02\/4_Kr_Wisla_10126_M_Grunwal_M_Pilsud_fot_KWalasz_0300_DSC08820_.jpg'><img loading=\"lazy\" decoding=\"async\" width=\"150\" height=\"150\" src=\"https:\/\/mto-kr.pl\/wp-content\/uploads\/2019\/02\/4_Kr_Wisla_10126_M_Grunwal_M_Pilsud_fot_KWalasz_0300_DSC08820_-150x150.jpg\" class=\"attachment-thumbnail size-thumbnail\" alt=\"\" \/><\/a>\n\t\t\t<\/dt><\/dl><br style=\"clear: both\" \/>\n\t\t<\/div>","protected":false},"excerpt":{"rendered":"<p>W sobot\u0119 26 stycznia mia\u0142a miejsce wycieczka\u00a0MTO\u00a0na odcinku miejskim Wis\u0142y w Krakowie. Pojawi\u0142o si\u0119 5 os\u00f3b. Co ciekawe, w czasie przej\u015bcia wycieczkowicz\u00f3w, na ca\u0142ym odcinku trasy wzd\u0142u\u017c Wis\u0142y, spotka\u0107 mo\u017cna by\u0142o bardzo ma\u0142o ludzi. Zimowa aura sprzyja\u0142a ciekawym obserwacjom. Wis\u0142a w wielu miejscach zamarz\u0142a, co umo\u017cliwi\u0142o \u0142atwe sprawdzanie mew pod k\u0105tem posiadanych obr\u0105czek. Uda\u0142o si\u0119 odczyta\u0107 dwie plastikowe obr\u0105czki na \u015bmieszkach oraz jedn\u0105 aluminiow\u0105 na samcu kaczki krzy\u017c\u00f3wki. Na ca\u0142ym odcinku zestaw gatunk\u00f3w by\u0142 do\u015b\u0107 ubogi, dopiero poni\u017cej zapory D\u0105bie by\u0142o wi\u0119cej gatunk\u00f3w. tekst i foto: Kazimierz Walasz Pe\u0142na lista spotkanych gatunk\u00f3w ptak\u00f3w: 1. \u0142ab\u0119d\u017a niemy 2. krzy\u017c\u00f3wka 3. czernica\u2026 <a class=\"continue-reading-link\" href=\"https:\/\/mto-kr.pl\/en\/2019\/01\/28\/spacer-po-miejskim-odcinku-wisly\/\">Czytaj dalej&#8230;<\/a><\/p>","protected":false},"author":1,"featured_media":957,"comment_status":"open","ping_status":"open","sticky":false,"template":"","format":"standard","meta":{"_monsterinsights_skip_tracking":false,"footnotes":""},"categories":[4,7],"tags":[],"class_list":["post-956","post","type-post","status-publish","format-standard","has-post-thumbnail","hentry","category-aktualnosci","category-foto"],"_links":{"self":[{"href":"https:\/\/mto-kr.pl\/en\/wp-json\/wp\/v2\/posts\/956","targetHints":{"allow":["GET"]}}],"collection":[{"href":"https:\/\/mto-kr.pl\/en\/wp-json\/wp\/v2\/posts"}],"about":[{"href":"https:\/\/mto-kr.pl\/en\/wp-json\/wp\/v2\/types\/post"}],"author":[{"embeddable":true,"href":"https:\/\/mto-kr.pl\/en\/wp-json\/wp\/v2\/users\/1"}],"replies":[{"embeddable":true,"href":"https:\/\/mto-kr.pl\/en\/wp-json\/wp\/v2\/comments?post=956"}],"version-history":[{"count":4,"href":"https:\/\/mto-kr.pl\/en\/wp-json\/wp\/v2\/posts\/956\/revisions"}],"predecessor-version":[{"id":965,"href":"https:\/\/mto-kr.pl\/en\/wp-json\/wp\/v2\/posts\/956\/revisions\/965"}],"wp:featuredmedia":[{"embeddable":true,"href":"https:\/\/mto-kr.pl\/en\/wp-json\/wp\/v2\/media\/957"}],"wp:attachment":[{"href":"https:\/\/mto-kr.pl\/en\/wp-json\/wp\/v2\/media?parent=956"}],"wp:term":[{"taxonomy":"category","embeddable":true,"href":"https:\/\/mto-kr.pl\/en\/wp-json\/wp\/v2\/categories?post=956"},{"taxonomy":"post_tag","embeddable":true,"href":"https:\/\/mto-kr.pl\/en\/wp-json\/wp\/v2\/tags?post=956"}],"curies":[{"name":"wp","href":"https:\/\/api.w.org\/{rel}","templated":true}]}}