{"id":966,"date":"2019-02-08T23:55:41","date_gmt":"2019-02-08T22:55:41","guid":{"rendered":"https:\/\/mto-kr.pl\/?p=966"},"modified":"2019-03-04T09:22:48","modified_gmt":"2019-03-04T08:22:48","slug":"zapraszamy-na-ii-wiosenny-zjazd-mto","status":"publish","type":"post","link":"https:\/\/mto-kr.pl\/en\/2019\/02\/08\/zapraszamy-na-ii-wiosenny-zjazd-mto\/","title":{"rendered":"Zapraszamy na II Wiosenny Zjazd MTO"},"content":{"rendered":"<p style=\"text-align: justify;\"><strong><a href=\"https:\/\/mto-kr.pl\/wp-content\/uploads\/2018\/03\/DSC_3640a.jpg\"><img loading=\"lazy\" decoding=\"async\" class=\"alignleft size-medium wp-image-686\" src=\"https:\/\/mto-kr.pl\/wp-content\/uploads\/2018\/03\/DSC_3640a-300x199.jpg\" alt=\"Wiosenny zjazd MTO (fot. Andrzej Chwierut)\" width=\"300\" height=\"199\" srcset=\"https:\/\/mto-kr.pl\/wp-content\/uploads\/2018\/03\/DSC_3640a-300x199.jpg 300w, https:\/\/mto-kr.pl\/wp-content\/uploads\/2018\/03\/DSC_3640a-768x509.jpg 768w, https:\/\/mto-kr.pl\/wp-content\/uploads\/2018\/03\/DSC_3640a-528x350.jpg 528w, https:\/\/mto-kr.pl\/wp-content\/uploads\/2018\/03\/DSC_3640a-150x99.jpg 150w, https:\/\/mto-kr.pl\/wp-content\/uploads\/2018\/03\/DSC_3640a.jpg 899w\" sizes=\"auto, (max-width: 300px) 100vw, 300px\" \/><\/a>W dniach 08-10.03.2019 r. organizujemy Wiosenny Zjazd MTO w Gruszowie k. Dobczyc. B\u0119dzie to zjazd roboczy na kt\u00f3rym chcemy przedstawi\u0107 szereg referat\u00f3w metodycznych, jak r\u00f3wnie\u017c zorganizowa\u0107 wyj\u015bcia w teren. Zach\u0119camy do udzia\u0142u osoby wykonuj\u0105ce obserwacje terenowe, a tak\u017ce te, kt\u00f3re dotychczas jeszcze nie wprowadza\u0142y swoich obserwacji do Bazy obserwacji MTO.<\/strong><\/p>\n<p style=\"text-align: justify;\"><a href=\"https:\/\/docs.google.com\/forms\/d\/e\/1FAIpQLScW9vuVFIxrKeTfEWyB0tA5UuJdq2b4dzSxJHWv55lkRlC7Dg\/viewform\">Wy\u015blij swoje zg\u0142oszenie na Wiosenny Zjazd MTO &#8211; kliknij!<\/a><\/p>\n<p style=\"text-align: justify;\">Zjazd b\u0119dzie okazj\u0105 by nauczy\u0107 si\u0119, jak wprowadza\u0107 obserwacje do Bazy. Roboczy program w za\u0142\u0105czeniu.<\/p>\n<p style=\"text-align: justify;\">Ze wzgl\u0119d\u00f3w organizacyjnych prosimy by wszyscy zainteresowani dokonali wp\u0142at na noclegi oraz posi\u0142ki (je\u015bli chc\u0105 je rezerwowa\u0107, do czego zach\u0119camy) do dnia 20 lutego 2019 r. (\u015broda) na konto MTO.<\/p>\n<p style=\"text-align: justify;\">Numer konta: 31 1050 1445 1000 0022 1647 1991.<\/p>\n<p style=\"text-align: justify;\">Ze wzgl\u0119du na ograniczon\u0105 ilo\u015b\u0107 miejsc (do 40 os\u00f3b), o udziale w zje\u017adzie zdecyduje kolejno\u015b\u0107 wp\u0142at na rezerwacj\u0119 nocleg\u00f3w.<\/p>\n<p style=\"text-align: justify;\">Noclegi:<br \/>\ndo dyspozycji pokoje 2, 3, 4 i 6 osobowe. Koszt jednego noclegu &#8211; we wszystkich pokojach taki sam &#8211; 30 z\u0142 za dob\u0119.<\/p>\n<p style=\"text-align: justify;\">Posi\u0142ki:<br \/>\n&#8211; \u015bniadanie &#8211; 12 z\u0142<br \/>\n&#8211; obiad &#8211; 24 z\u0142<br \/>\n&#8211; kolacja &#8211; 12 z\u0142<\/p>\n<p style=\"text-align: justify;\">W tre\u015bci przelewu prosz\u0119 wpisa\u0107:<br \/>\n&#8211; imiona i nazwiska os\u00f3b, kt\u00f3rych dotyczy, adres mailowy do korespondencji<br \/>\n&#8211; daty nocleg\u00f3w 08\/09.03, 09\/10.03<br \/>\n&#8211; posi\u0142ki \u2013 08.03.2019 \u2013 k (kolacja), 09.03.219 \u2013s (\u015bniadanie), o (obiad), k , 10.03.219 &#8211; s.<\/p>\n<p style=\"text-align: justify;\">Zjazd odbywa\u0107 si\u0119 b\u0119dzie w <a href=\"http:\/\/www.pod-grusza.eu\/\">Agroturystyce pod Grusz\u0105<\/a>.<\/p>\n<p style=\"text-align: justify;\">Zg\u0142oszenia udzia\u0142u w Zje\u017adzie dokonujemy wy\u0142\u0105cznie poprzez formularz internetowy:\u00a0<a href=\"https:\/\/docs.google.com\/forms\/d\/e\/1FAIpQLScW9vuVFIxrKeTfEWyB0tA5UuJdq2b4dzSxJHWv55lkRlC7Dg\/viewform\">https:\/\/docs.google.com\/forms\/d\/e\/1FAIpQLScW9vuVFIxrKeTfEWyB0tA5UuJdq2b4dzSxJHWv55lkRlC7Dg\/viewform.<\/a><\/p>\n<p style=\"text-align: justify;\">Uwaga! Rezerwacja bez dokonania wp\u0142aty na rezerwowane noclegi i posi\u0142ki jest niewa\u017cna.<\/p>\n<p>Serdecznie zapraszamy!<\/p>","protected":false},"excerpt":{"rendered":"<p>W dniach 08-10.03.2019 r. organizujemy Wiosenny Zjazd MTO w Gruszowie k. Dobczyc. B\u0119dzie to zjazd roboczy na kt\u00f3rym chcemy przedstawi\u0107 szereg referat\u00f3w metodycznych, jak r\u00f3wnie\u017c zorganizowa\u0107 wyj\u015bcia w teren. Zach\u0119camy do udzia\u0142u osoby wykonuj\u0105ce obserwacje terenowe, a tak\u017ce te, kt\u00f3re dotychczas jeszcze nie wprowadza\u0142y swoich obserwacji do Bazy obserwacji MTO. Wy\u015blij swoje zg\u0142oszenie na Wiosenny Zjazd MTO &#8211; kliknij! Zjazd b\u0119dzie okazj\u0105 by nauczy\u0107 si\u0119, jak wprowadza\u0107 obserwacje do Bazy. Roboczy program w za\u0142\u0105czeniu. Ze wzgl\u0119d\u00f3w organizacyjnych prosimy by wszyscy zainteresowani dokonali wp\u0142at na noclegi oraz posi\u0142ki (je\u015bli chc\u0105 je rezerwowa\u0107, do czego zach\u0119camy) do dnia 20 lutego 2019 r.\u2026 <a class=\"continue-reading-link\" href=\"https:\/\/mto-kr.pl\/en\/2019\/02\/08\/zapraszamy-na-ii-wiosenny-zjazd-mto\/\">Czytaj dalej&#8230;<\/a><\/p>","protected":false},"author":1,"featured_media":686,"comment_status":"closed","ping_status":"open","sticky":false,"template":"","format":"standard","meta":{"_monsterinsights_skip_tracking":false,"footnotes":""},"categories":[4],"tags":[],"class_list":["post-966","post","type-post","status-publish","format-standard","has-post-thumbnail","hentry","category-aktualnosci"],"_links":{"self":[{"href":"https:\/\/mto-kr.pl\/en\/wp-json\/wp\/v2\/posts\/966","targetHints":{"allow":["GET"]}}],"collection":[{"href":"https:\/\/mto-kr.pl\/en\/wp-json\/wp\/v2\/posts"}],"about":[{"href":"https:\/\/mto-kr.pl\/en\/wp-json\/wp\/v2\/types\/post"}],"author":[{"embeddable":true,"href":"https:\/\/mto-kr.pl\/en\/wp-json\/wp\/v2\/users\/1"}],"replies":[{"embeddable":true,"href":"https:\/\/mto-kr.pl\/en\/wp-json\/wp\/v2\/comments?post=966"}],"version-history":[{"count":5,"href":"https:\/\/mto-kr.pl\/en\/wp-json\/wp\/v2\/posts\/966\/revisions"}],"predecessor-version":[{"id":971,"href":"https:\/\/mto-kr.pl\/en\/wp-json\/wp\/v2\/posts\/966\/revisions\/971"}],"wp:featuredmedia":[{"embeddable":true,"href":"https:\/\/mto-kr.pl\/en\/wp-json\/wp\/v2\/media\/686"}],"wp:attachment":[{"href":"https:\/\/mto-kr.pl\/en\/wp-json\/wp\/v2\/media?parent=966"}],"wp:term":[{"taxonomy":"category","embeddable":true,"href":"https:\/\/mto-kr.pl\/en\/wp-json\/wp\/v2\/categories?post=966"},{"taxonomy":"post_tag","embeddable":true,"href":"https:\/\/mto-kr.pl\/en\/wp-json\/wp\/v2\/tags?post=966"}],"curies":[{"name":"wp","href":"https:\/\/api.w.org\/{rel}","templated":true}]}}