{"id":972,"date":"2019-03-04T09:22:30","date_gmt":"2019-03-04T08:22:30","guid":{"rendered":"https:\/\/mto-kr.pl\/?p=972"},"modified":"2019-03-04T09:25:18","modified_gmt":"2019-03-04T08:25:18","slug":"ksiazka-prof-jana-pinowskiego","status":"publish","type":"post","link":"https:\/\/mto-kr.pl\/en\/2019\/03\/04\/ksiazka-prof-jana-pinowskiego\/","title":{"rendered":"Autobiografia prof. Jana Pinowskiego"},"content":{"rendered":"<p style=\"text-align: justify;\"><strong>Profesor Jan Krystian Pinowski by\u0142 go\u015bciem jubileuszowego 50. Zjazdu Ornitolog\u00f3w Polski Po\u0142udniowo-Wschodniej, podczas kt\u00f3rego opowiada\u0142 o swoich dzia\u0142aniach na rzecz ruchu ornitologicznego w Polsce. Zapraszamy do nabycia autobiografii ornitologa-ekologa zatytuowanej &#8222;Z ptakami przez \u017cycie&#8221;.\u00a0<\/strong><\/p>\n<p style=\"text-align: justify;\">Ksi\u0105\u017cka jest biografi\u0105 naszego najbardziej znanego na \u015bwiecie ornitologa okresu po II wojnie \u015bwiatowej.W autobiografii prof. Pinowskiego pojawia si\u0119 \u015brodowisko ludzi zwi\u0105zanych z ca\u0142\u0105 powojenn\u0105 nauk\u0105, tak\u017ce \u015bwiatow\u0105. Jest to pasjonuj\u0105ca opowie\u015b\u0107 o ornitologach, przyrodnikach i badaniach ptak\u00f3w na ca\u0142ym \u015bwiecie.<\/p>\n<p style=\"text-align: justify;\">Sprzeda\u017c ksi\u0105\u017cki prowadzi Muzeum i Instytut Zoologii PAN Biblioteka 00-679 Warszawa, ul. Wilcza 64. Zam\u00f3wienia nale\u017cy kierowa\u0107 na adres biblioteki &#8211; <a href=\"mailto:libre@miiz.waw.pl\">libre@miiz.waw.pl<\/a> lub bezpo\u015brednio do Autora &#8211; <a href=\"mailto:j.pinowski@wp.pl\">j.pinowski@wp.pl<\/a>.<\/p>\n\n\t\t<style>\n\t\t\t#gallery-1 {\n\t\t\t\tmargin: auto;\n\t\t\t}\n\t\t\t#gallery-1 .gallery-item {\n\t\t\t\tfloat: left;\n\t\t\t\tmargin-top: 10px;\n\t\t\t\ttext-align: center;\n\t\t\t\twidth: 16%;\n\t\t\t}\n\t\t\t#gallery-1 img {\n\t\t\t\tborder: 2px solid #cfcfcf;\n\t\t\t}\n\t\t\t#gallery-1 .gallery-caption {\n\t\t\t\tmargin-left: 0;\n\t\t\t}\n\t\t\t\/* see gallery_shortcode() in wp-includes\/media.php *\/\n\t\t<\/style>\n\t\t<div id='gallery-1' class='gallery galleryid-972 gallery-columns-6 gallery-size-thumbnail'><dl class='gallery-item'>\n\t\t\t<dt class='gallery-icon portrait'>\n\t\t\t\t<a href='https:\/\/mto-kr.pl\/wp-content\/uploads\/2019\/03\/Pinowski_autobiogr.jpg'><img loading=\"lazy\" decoding=\"async\" width=\"150\" height=\"150\" src=\"https:\/\/mto-kr.pl\/wp-content\/uploads\/2019\/03\/Pinowski_autobiogr-150x150.jpg\" class=\"attachment-thumbnail size-thumbnail\" alt=\"\" \/><\/a>\n\t\t\t<\/dt><\/dl><dl class='gallery-item'>\n\t\t\t<dt class='gallery-icon portrait'>\n\t\t\t\t<a href='https:\/\/mto-kr.pl\/wp-content\/uploads\/2019\/03\/Pinowski_autobiogr_inf_autor.jpg'><img loading=\"lazy\" decoding=\"async\" width=\"150\" height=\"150\" src=\"https:\/\/mto-kr.pl\/wp-content\/uploads\/2019\/03\/Pinowski_autobiogr_inf_autor-150x150.jpg\" class=\"attachment-thumbnail size-thumbnail\" alt=\"\" \/><\/a>\n\t\t\t<\/dt><\/dl>\n\t\t\t<br style='clear: both' \/>\n\t\t<\/div>\n\n<p style=\"text-align: right;\"><em>KW, JW<\/em><\/p>","protected":false},"excerpt":{"rendered":"<p>Profesor Jan Krystian Pinowski by\u0142 go\u015bciem jubileuszowego 50. Zjazdu Ornitolog\u00f3w Polski Po\u0142udniowo-Wschodniej, podczas kt\u00f3rego opowiada\u0142 o swoich dzia\u0142aniach na rzecz ruchu ornitologicznego w Polsce. Zapraszamy do nabycia autobiografii ornitologa-ekologa zatytuowanej &#8222;Z ptakami przez \u017cycie&#8221;.\u00a0 Ksi\u0105\u017cka jest biografi\u0105 naszego najbardziej znanego na \u015bwiecie ornitologa okresu po II wojnie \u015bwiatowej.W autobiografii prof. Pinowskiego pojawia si\u0119 \u015brodowisko ludzi zwi\u0105zanych z ca\u0142\u0105 powojenn\u0105 nauk\u0105, tak\u017ce \u015bwiatow\u0105. Jest to pasjonuj\u0105ca opowie\u015b\u0107 o ornitologach, przyrodnikach i badaniach ptak\u00f3w na ca\u0142ym \u015bwiecie. Sprzeda\u017c ksi\u0105\u017cki prowadzi Muzeum i Instytut Zoologii PAN Biblioteka 00-679 Warszawa, ul. Wilcza 64. Zam\u00f3wienia nale\u017cy kierowa\u0107 na adres biblioteki &#8211; libre@miiz.waw.pl lub bezpo\u015brednio do\u2026 <a class=\"continue-reading-link\" href=\"https:\/\/mto-kr.pl\/en\/2019\/03\/04\/ksiazka-prof-jana-pinowskiego\/\">Czytaj dalej&#8230;<\/a><\/p>","protected":false},"author":1,"featured_media":973,"comment_status":"closed","ping_status":"open","sticky":false,"template":"","format":"standard","meta":{"_monsterinsights_skip_tracking":false,"footnotes":""},"categories":[4],"tags":[],"class_list":["post-972","post","type-post","status-publish","format-standard","has-post-thumbnail","hentry","category-aktualnosci"],"_links":{"self":[{"href":"https:\/\/mto-kr.pl\/en\/wp-json\/wp\/v2\/posts\/972","targetHints":{"allow":["GET"]}}],"collection":[{"href":"https:\/\/mto-kr.pl\/en\/wp-json\/wp\/v2\/posts"}],"about":[{"href":"https:\/\/mto-kr.pl\/en\/wp-json\/wp\/v2\/types\/post"}],"author":[{"embeddable":true,"href":"https:\/\/mto-kr.pl\/en\/wp-json\/wp\/v2\/users\/1"}],"replies":[{"embeddable":true,"href":"https:\/\/mto-kr.pl\/en\/wp-json\/wp\/v2\/comments?post=972"}],"version-history":[{"count":5,"href":"https:\/\/mto-kr.pl\/en\/wp-json\/wp\/v2\/posts\/972\/revisions"}],"predecessor-version":[{"id":980,"href":"https:\/\/mto-kr.pl\/en\/wp-json\/wp\/v2\/posts\/972\/revisions\/980"}],"wp:featuredmedia":[{"embeddable":true,"href":"https:\/\/mto-kr.pl\/en\/wp-json\/wp\/v2\/media\/973"}],"wp:attachment":[{"href":"https:\/\/mto-kr.pl\/en\/wp-json\/wp\/v2\/media?parent=972"}],"wp:term":[{"taxonomy":"category","embeddable":true,"href":"https:\/\/mto-kr.pl\/en\/wp-json\/wp\/v2\/categories?post=972"},{"taxonomy":"post_tag","embeddable":true,"href":"https:\/\/mto-kr.pl\/en\/wp-json\/wp\/v2\/tags?post=972"}],"curies":[{"name":"wp","href":"https:\/\/api.w.org\/{rel}","templated":true}]}}