{"id":984,"date":"2019-03-18T10:30:19","date_gmt":"2019-03-18T09:30:19","guid":{"rendered":"https:\/\/mto-kr.pl\/?p=984"},"modified":"2019-03-21T05:47:45","modified_gmt":"2019-03-21T04:47:45","slug":"fotogaleria-z-ii-wiosennego-zjazdu-mto","status":"publish","type":"post","link":"https:\/\/mto-kr.pl\/en\/2019\/03\/18\/fotogaleria-z-ii-wiosennego-zjazdu-mto\/","title":{"rendered":"Fotogaleria z II Wiosennego Zjazdu MTO"},"content":{"rendered":"<p style=\"text-align: justify;\"><strong>Fotorelacja z II Wiosennego Zjazdu MTO, kt\u00f3ry odby\u0142 si\u0119 w dniach 8-10 marca 2019 r. w Gruszowie.<\/strong> Autorem zdj\u0119\u0107 jest Kazimierz Walasz.<\/p>\n\n\t\t<style>\n\t\t\t#gallery-1 {\n\t\t\t\tmargin: auto;\n\t\t\t}\n\t\t\t#gallery-1 .gallery-item {\n\t\t\t\tfloat: left;\n\t\t\t\tmargin-top: 10px;\n\t\t\t\ttext-align: center;\n\t\t\t\twidth: 20%;\n\t\t\t}\n\t\t\t#gallery-1 img {\n\t\t\t\tborder: 2px solid #cfcfcf;\n\t\t\t}\n\t\t\t#gallery-1 .gallery-caption {\n\t\t\t\tmargin-left: 0;\n\t\t\t}\n\t\t\t\/* see gallery_shortcode() in wp-includes\/media.php *\/\n\t\t<\/style>\n\t\t<div id='gallery-1' class='gallery galleryid-984 gallery-columns-5 gallery-size-thumbnail'><dl class='gallery-item'>\n\t\t\t<dt class='gallery-icon landscape'>\n\t\t\t\t<a href='https:\/\/mto-kr.pl\/wp-content\/uploads\/2019\/03\/1_II_Wiosenny_Zjazd_MTO_Gruszow_190309_ref_Tomek_Wilk_fot_KWalasz_DSC09129.jpg'><img loading=\"lazy\" decoding=\"async\" width=\"150\" height=\"150\" src=\"https:\/\/mto-kr.pl\/wp-content\/uploads\/2019\/03\/1_II_Wiosenny_Zjazd_MTO_Gruszow_190309_ref_Tomek_Wilk_fot_KWalasz_DSC09129-150x150.jpg\" class=\"attachment-thumbnail size-thumbnail\" alt=\"\" \/><\/a>\n\t\t\t<\/dt><\/dl><dl class='gallery-item'>\n\t\t\t<dt class='gallery-icon landscape'>\n\t\t\t\t<a href='https:\/\/mto-kr.pl\/wp-content\/uploads\/2019\/03\/2_II_Wiosenny_Zjazd_MTO_Gruszow_190309_fot_KWalasz_DSC09146.jpg'><img loading=\"lazy\" decoding=\"async\" width=\"150\" height=\"150\" src=\"https:\/\/mto-kr.pl\/wp-content\/uploads\/2019\/03\/2_II_Wiosenny_Zjazd_MTO_Gruszow_190309_fot_KWalasz_DSC09146-150x150.jpg\" class=\"attachment-thumbnail size-thumbnail\" alt=\"\" \/><\/a>\n\t\t\t<\/dt><\/dl><dl class='gallery-item'>\n\t\t\t<dt class='gallery-icon landscape'>\n\t\t\t\t<a href='https:\/\/mto-kr.pl\/wp-content\/uploads\/2019\/03\/3_II_Wiosenny_Zjazd_MTO_Gruszow_190309_fot_KWalasz_DSC09154.jpg'><img loading=\"lazy\" decoding=\"async\" width=\"150\" height=\"150\" src=\"https:\/\/mto-kr.pl\/wp-content\/uploads\/2019\/03\/3_II_Wiosenny_Zjazd_MTO_Gruszow_190309_fot_KWalasz_DSC09154-150x150.jpg\" class=\"attachment-thumbnail size-thumbnail\" alt=\"\" \/><\/a>\n\t\t\t<\/dt><\/dl><dl class='gallery-item'>\n\t\t\t<dt class='gallery-icon landscape'>\n\t\t\t\t<a href='https:\/\/mto-kr.pl\/wp-content\/uploads\/2019\/03\/5_II_Wiosenny_Zjazd_MTO_Gruszow_190310_fot_KWalasz_DSC09372.jpg'><img loading=\"lazy\" decoding=\"async\" width=\"150\" height=\"150\" src=\"https:\/\/mto-kr.pl\/wp-content\/uploads\/2019\/03\/5_II_Wiosenny_Zjazd_MTO_Gruszow_190310_fot_KWalasz_DSC09372-150x150.jpg\" class=\"attachment-thumbnail size-thumbnail\" alt=\"\" \/><\/a>\n\t\t\t<\/dt><\/dl><dl class='gallery-item'>\n\t\t\t<dt class='gallery-icon landscape'>\n\t\t\t\t<a href='https:\/\/mto-kr.pl\/wp-content\/uploads\/2019\/03\/II_Wiosenny_Zjazd_MTO_Gruszow_190310_fot_KWalasz_DSC09180.jpg'><img loading=\"lazy\" decoding=\"async\" width=\"150\" height=\"150\" src=\"https:\/\/mto-kr.pl\/wp-content\/uploads\/2019\/03\/II_Wiosenny_Zjazd_MTO_Gruszow_190310_fot_KWalasz_DSC09180-150x150.jpg\" class=\"attachment-thumbnail size-thumbnail\" alt=\"\" \/><\/a>\n\t\t\t<\/dt><\/dl><br style=\"clear: both\" \/><dl class='gallery-item'>\n\t\t\t<dt class='gallery-icon landscape'>\n\t\t\t\t<a href='https:\/\/mto-kr.pl\/wp-content\/uploads\/2019\/03\/II_Wiosenny_Zjazd_MTO_Gruszow_190310_fot_KWalasz_DSC09187.jpg'><img loading=\"lazy\" decoding=\"async\" width=\"150\" height=\"150\" src=\"https:\/\/mto-kr.pl\/wp-content\/uploads\/2019\/03\/II_Wiosenny_Zjazd_MTO_Gruszow_190310_fot_KWalasz_DSC09187-150x150.jpg\" class=\"attachment-thumbnail size-thumbnail\" alt=\"\" \/><\/a>\n\t\t\t<\/dt><\/dl><dl class='gallery-item'>\n\t\t\t<dt class='gallery-icon landscape'>\n\t\t\t\t<a href='https:\/\/mto-kr.pl\/wp-content\/uploads\/2019\/03\/II_Wiosenny_Zjazd_MTO_Gruszow_190310_fot_KWalasz_DSC09195.jpg'><img loading=\"lazy\" decoding=\"async\" width=\"150\" height=\"150\" src=\"https:\/\/mto-kr.pl\/wp-content\/uploads\/2019\/03\/II_Wiosenny_Zjazd_MTO_Gruszow_190310_fot_KWalasz_DSC09195-150x150.jpg\" class=\"attachment-thumbnail size-thumbnail\" alt=\"\" \/><\/a>\n\t\t\t<\/dt><\/dl><dl class='gallery-item'>\n\t\t\t<dt class='gallery-icon landscape'>\n\t\t\t\t<a href='https:\/\/mto-kr.pl\/wp-content\/uploads\/2019\/03\/II_Wiosenny_Zjazd_MTO_Gruszow_190310_fot_KWalasz_DSC09196.jpg'><img loading=\"lazy\" decoding=\"async\" width=\"150\" height=\"150\" src=\"https:\/\/mto-kr.pl\/wp-content\/uploads\/2019\/03\/II_Wiosenny_Zjazd_MTO_Gruszow_190310_fot_KWalasz_DSC09196-150x150.jpg\" class=\"attachment-thumbnail size-thumbnail\" alt=\"\" \/><\/a>\n\t\t\t<\/dt><\/dl><dl class='gallery-item'>\n\t\t\t<dt class='gallery-icon landscape'>\n\t\t\t\t<a href='https:\/\/mto-kr.pl\/wp-content\/uploads\/2019\/03\/II_Wiosenny_Zjazd_MTO_Gruszow_190310_fot_KWalasz_DSC09199.jpg'><img loading=\"lazy\" decoding=\"async\" width=\"150\" height=\"150\" src=\"https:\/\/mto-kr.pl\/wp-content\/uploads\/2019\/03\/II_Wiosenny_Zjazd_MTO_Gruszow_190310_fot_KWalasz_DSC09199-150x150.jpg\" class=\"attachment-thumbnail size-thumbnail\" alt=\"\" \/><\/a>\n\t\t\t<\/dt><\/dl><dl class='gallery-item'>\n\t\t\t<dt class='gallery-icon landscape'>\n\t\t\t\t<a href='https:\/\/mto-kr.pl\/wp-content\/uploads\/2019\/03\/II_Wiosenny_Zjazd_MTO_Gruszow_190310_fot_KWalasz_DSC09201.jpg'><img loading=\"lazy\" decoding=\"async\" width=\"150\" height=\"150\" src=\"https:\/\/mto-kr.pl\/wp-content\/uploads\/2019\/03\/II_Wiosenny_Zjazd_MTO_Gruszow_190310_fot_KWalasz_DSC09201-150x150.jpg\" class=\"attachment-thumbnail size-thumbnail\" alt=\"\" \/><\/a>\n\t\t\t<\/dt><\/dl><br style=\"clear: both\" \/><dl class='gallery-item'>\n\t\t\t<dt class='gallery-icon landscape'>\n\t\t\t\t<a href='https:\/\/mto-kr.pl\/wp-content\/uploads\/2019\/03\/II_Wiosenny_Zjazd_MTO_Gruszow_190310_fot_KWalasz_DSC09216.jpg'><img loading=\"lazy\" decoding=\"async\" width=\"150\" height=\"150\" src=\"https:\/\/mto-kr.pl\/wp-content\/uploads\/2019\/03\/II_Wiosenny_Zjazd_MTO_Gruszow_190310_fot_KWalasz_DSC09216-150x150.jpg\" class=\"attachment-thumbnail size-thumbnail\" alt=\"\" \/><\/a>\n\t\t\t<\/dt><\/dl><dl class='gallery-item'>\n\t\t\t<dt class='gallery-icon landscape'>\n\t\t\t\t<a href='https:\/\/mto-kr.pl\/wp-content\/uploads\/2019\/03\/II_Wiosenny_Zjazd_MTO_Gruszow_190310_fot_KWalasz_DSC09231.jpg'><img loading=\"lazy\" decoding=\"async\" width=\"150\" height=\"150\" src=\"https:\/\/mto-kr.pl\/wp-content\/uploads\/2019\/03\/II_Wiosenny_Zjazd_MTO_Gruszow_190310_fot_KWalasz_DSC09231-150x150.jpg\" class=\"attachment-thumbnail size-thumbnail\" alt=\"\" \/><\/a>\n\t\t\t<\/dt><\/dl><dl class='gallery-item'>\n\t\t\t<dt class='gallery-icon landscape'>\n\t\t\t\t<a href='https:\/\/mto-kr.pl\/wp-content\/uploads\/2019\/03\/II_Wiosenny_Zjazd_MTO_Gruszow_190310_fot_KWalasz_DSC09237.jpg'><img loading=\"lazy\" decoding=\"async\" width=\"150\" height=\"150\" src=\"https:\/\/mto-kr.pl\/wp-content\/uploads\/2019\/03\/II_Wiosenny_Zjazd_MTO_Gruszow_190310_fot_KWalasz_DSC09237-150x150.jpg\" class=\"attachment-thumbnail size-thumbnail\" alt=\"\" \/><\/a>\n\t\t\t<\/dt><\/dl><dl class='gallery-item'>\n\t\t\t<dt class='gallery-icon landscape'>\n\t\t\t\t<a href='https:\/\/mto-kr.pl\/wp-content\/uploads\/2019\/03\/II_Wiosenny_Zjazd_MTO_Gruszow_190310_fot_KWalasz_DSC09241.jpg'><img loading=\"lazy\" decoding=\"async\" width=\"150\" height=\"150\" src=\"https:\/\/mto-kr.pl\/wp-content\/uploads\/2019\/03\/II_Wiosenny_Zjazd_MTO_Gruszow_190310_fot_KWalasz_DSC09241-150x150.jpg\" class=\"attachment-thumbnail size-thumbnail\" alt=\"\" \/><\/a>\n\t\t\t<\/dt><\/dl><dl class='gallery-item'>\n\t\t\t<dt class='gallery-icon landscape'>\n\t\t\t\t<a href='https:\/\/mto-kr.pl\/wp-content\/uploads\/2019\/03\/II_Wiosenny_Zjazd_MTO_Gruszow_190310_fot_KWalasz_DSC09243.jpg'><img loading=\"lazy\" decoding=\"async\" width=\"150\" height=\"150\" src=\"https:\/\/mto-kr.pl\/wp-content\/uploads\/2019\/03\/II_Wiosenny_Zjazd_MTO_Gruszow_190310_fot_KWalasz_DSC09243-150x150.jpg\" class=\"attachment-thumbnail size-thumbnail\" alt=\"\" \/><\/a>\n\t\t\t<\/dt><\/dl><br style=\"clear: both\" \/><dl class='gallery-item'>\n\t\t\t<dt class='gallery-icon landscape'>\n\t\t\t\t<a href='https:\/\/mto-kr.pl\/wp-content\/uploads\/2019\/03\/II_Wiosenny_Zjazd_MTO_Gruszow_190310_fot_KWalasz_DSC09254.jpg'><img loading=\"lazy\" decoding=\"async\" width=\"150\" height=\"150\" src=\"https:\/\/mto-kr.pl\/wp-content\/uploads\/2019\/03\/II_Wiosenny_Zjazd_MTO_Gruszow_190310_fot_KWalasz_DSC09254-150x150.jpg\" class=\"attachment-thumbnail size-thumbnail\" alt=\"\" \/><\/a>\n\t\t\t<\/dt><\/dl><dl class='gallery-item'>\n\t\t\t<dt class='gallery-icon landscape'>\n\t\t\t\t<a href='https:\/\/mto-kr.pl\/wp-content\/uploads\/2019\/03\/II_Wiosenny_Zjazd_MTO_Gruszow_190310_fot_KWalasz_DSC09280.jpg'><img loading=\"lazy\" decoding=\"async\" width=\"150\" height=\"150\" src=\"https:\/\/mto-kr.pl\/wp-content\/uploads\/2019\/03\/II_Wiosenny_Zjazd_MTO_Gruszow_190310_fot_KWalasz_DSC09280-150x150.jpg\" class=\"attachment-thumbnail size-thumbnail\" alt=\"\" \/><\/a>\n\t\t\t<\/dt><\/dl><dl class='gallery-item'>\n\t\t\t<dt class='gallery-icon landscape'>\n\t\t\t\t<a href='https:\/\/mto-kr.pl\/wp-content\/uploads\/2019\/03\/II_Wiosenny_Zjazd_MTO_Gruszow_190310_fot_KWalasz_DSC09301.jpg'><img loading=\"lazy\" decoding=\"async\" width=\"150\" height=\"150\" src=\"https:\/\/mto-kr.pl\/wp-content\/uploads\/2019\/03\/II_Wiosenny_Zjazd_MTO_Gruszow_190310_fot_KWalasz_DSC09301-150x150.jpg\" class=\"attachment-thumbnail size-thumbnail\" alt=\"\" \/><\/a>\n\t\t\t<\/dt><\/dl><dl class='gallery-item'>\n\t\t\t<dt class='gallery-icon landscape'>\n\t\t\t\t<a href='https:\/\/mto-kr.pl\/wp-content\/uploads\/2019\/03\/Zb_Dobczycki_190310_fot_KWalasz_DSC09803.jpg'><img loading=\"lazy\" decoding=\"async\" width=\"150\" height=\"150\" src=\"https:\/\/mto-kr.pl\/wp-content\/uploads\/2019\/03\/Zb_Dobczycki_190310_fot_KWalasz_DSC09803-150x150.jpg\" class=\"attachment-thumbnail size-thumbnail\" alt=\"\" \/><\/a>\n\t\t\t<\/dt><\/dl>\n\t\t\t<br style='clear: both' \/>\n\t\t<\/div>","protected":false},"excerpt":{"rendered":"<p>Fotorelacja z II Wiosennego Zjazdu MTO, kt\u00f3ry odby\u0142 si\u0119 w dniach 8-10 marca 2019 r. w Gruszowie. Autorem zdj\u0119\u0107 jest Kazimierz Walasz. <a class=\"continue-reading-link\" href=\"https:\/\/mto-kr.pl\/en\/2019\/03\/18\/fotogaleria-z-ii-wiosennego-zjazdu-mto\/\">Czytaj dalej&#8230;<\/a><\/p>","protected":false},"author":1,"featured_media":1006,"comment_status":"closed","ping_status":"open","sticky":false,"template":"","format":"standard","meta":{"_monsterinsights_skip_tracking":false,"footnotes":""},"categories":[4,7],"tags":[],"class_list":["post-984","post","type-post","status-publish","format-standard","has-post-thumbnail","hentry","category-aktualnosci","category-foto"],"_links":{"self":[{"href":"https:\/\/mto-kr.pl\/en\/wp-json\/wp\/v2\/posts\/984","targetHints":{"allow":["GET"]}}],"collection":[{"href":"https:\/\/mto-kr.pl\/en\/wp-json\/wp\/v2\/posts"}],"about":[{"href":"https:\/\/mto-kr.pl\/en\/wp-json\/wp\/v2\/types\/post"}],"author":[{"embeddable":true,"href":"https:\/\/mto-kr.pl\/en\/wp-json\/wp\/v2\/users\/1"}],"replies":[{"embeddable":true,"href":"https:\/\/mto-kr.pl\/en\/wp-json\/wp\/v2\/comments?post=984"}],"version-history":[{"count":4,"href":"https:\/\/mto-kr.pl\/en\/wp-json\/wp\/v2\/posts\/984\/revisions"}],"predecessor-version":[{"id":1032,"href":"https:\/\/mto-kr.pl\/en\/wp-json\/wp\/v2\/posts\/984\/revisions\/1032"}],"wp:featuredmedia":[{"embeddable":true,"href":"https:\/\/mto-kr.pl\/en\/wp-json\/wp\/v2\/media\/1006"}],"wp:attachment":[{"href":"https:\/\/mto-kr.pl\/en\/wp-json\/wp\/v2\/media?parent=984"}],"wp:term":[{"taxonomy":"category","embeddable":true,"href":"https:\/\/mto-kr.pl\/en\/wp-json\/wp\/v2\/categories?post=984"},{"taxonomy":"post_tag","embeddable":true,"href":"https:\/\/mto-kr.pl\/en\/wp-json\/wp\/v2\/tags?post=984"}],"curies":[{"name":"wp","href":"https:\/\/api.w.org\/{rel}","templated":true}]}}