{"id":99,"date":"2018-01-05T16:24:22","date_gmt":"2018-01-05T15:24:22","guid":{"rendered":"https:\/\/mto-kr.pl\/wp\/?p=99"},"modified":"2018-01-05T20:39:24","modified_gmt":"2018-01-05T19:39:24","slug":"atlas-kontrole-zimowe","status":"publish","type":"post","link":"https:\/\/mto-kr.pl\/en\/2018\/01\/05\/atlas-kontrole-zimowe\/","title":{"rendered":"Przy\u0142\u0105cz si\u0119 do tworzenia Atlasu!"},"content":{"rendered":"<p style=\"font-weight: 400; text-align: justify;\"><strong><img loading=\"lazy\" decoding=\"async\" class=\"alignleft size-medium wp-image-205\" src=\"https:\/\/mto-kr.pl\/wp-content\/uploads\/2018\/01\/atlas-mapa-zima-1-300x200.jpg\" alt=\"\" width=\"300\" height=\"200\" srcset=\"https:\/\/mto-kr.pl\/wp-content\/uploads\/2018\/01\/atlas-mapa-zima-1-300x200.jpg 300w, https:\/\/mto-kr.pl\/wp-content\/uploads\/2018\/01\/atlas-mapa-zima-1-525x350.jpg 525w, https:\/\/mto-kr.pl\/wp-content\/uploads\/2018\/01\/atlas-mapa-zima-1-150x100.jpg 150w, https:\/\/mto-kr.pl\/wp-content\/uploads\/2018\/01\/atlas-mapa-zima-1.jpg 611w\" sizes=\"auto, (max-width: 300px) 100vw, 300px\" \/>W naszym regionalnym Atlasie stopie\u0144 zbadania ptak\u00f3w w okresie zimowym jest znacznie s\u0142abszy ni\u017c w okresie l\u0119gowym. Mo\u017cna to m.in. podejrze\u0107 na mapkach na stronie internetowej naszego atlasu\u00a0<a href=\"http:\/\/www.iop.krakow.pl\/dbPtak\/\">www.iop.krakow.pl\/dbPtak<\/a>.<\/strong><\/p>\n<p style=\"font-weight: 400; text-align: justify;\">Pozosta\u0142o ju\u017c tylko 3 sezony zimowe na za\u0142atanie wszystkich dziur terenowych, wi\u0119c ka\u017cda obserwacja z zimy jest cenna, szczeg\u00f3lnie ze wschodnich i p\u00f3\u0142nocnych fragment\u00f3w regionu.<\/p>\n<p style=\"font-weight: 400; text-align: justify;\">Mocno zach\u0119camy wi\u0119c do obserwacji zimowych i wpisywania danych do naszej bazy. \u00a0<strong>W\u015br\u00f3d os\u00f3b, kt\u00f3re do 10 marca wpisz\u0105 co najmniej 300 obserwacji z tej zimy (czyli z okresu 1.12.2017-27.02.0218) rozlosujemy 5 ksi\u0105\u017cek\u00a0<\/strong>\u2013\u00a03 x Ostoje\u00a0ptak\u00f3w o znaczeniu europejskim w Polsce (2010) i 2 x Monitoring ptak\u00f3w l\u0119gowych. Poradnik metodyczny (2015).<\/p>\n<p style=\"font-weight: 400; text-align: justify;\">Serdecznie zach\u0119cam!<\/p>\n<p style=\"font-weight: 400; text-align: right;\">W imieniu zespo\u0142u atlasowego,<br \/>\nTomek Wilk<\/p>","protected":false},"excerpt":{"rendered":"<p>W naszym regionalnym Atlasie stopie\u0144 zbadania ptak\u00f3w w okresie zimowym jest znacznie s\u0142abszy ni\u017c w okresie l\u0119gowym. Mo\u017cna to m.in. podejrze\u0107 na mapkach na stronie internetowej naszego atlasu\u00a0www.iop.krakow.pl\/dbPtak. Pozosta\u0142o ju\u017c tylko 3 sezony zimowe na za\u0142atanie wszystkich dziur terenowych, wi\u0119c ka\u017cda obserwacja z zimy jest cenna, szczeg\u00f3lnie ze wschodnich i p\u00f3\u0142nocnych fragment\u00f3w regionu. Mocno zach\u0119camy wi\u0119c do obserwacji zimowych i wpisywania danych do naszej bazy. \u00a0W\u015br\u00f3d os\u00f3b, kt\u00f3re do 10 marca wpisz\u0105 co najmniej 300 obserwacji z tej zimy (czyli z okresu 1.12.2017-27.02.0218) rozlosujemy 5 ksi\u0105\u017cek\u00a0\u2013\u00a03 x Ostoje\u00a0ptak\u00f3w o znaczeniu europejskim w Polsce (2010) i 2 x Monitoring ptak\u00f3w l\u0119gowych.\u2026 <a class=\"continue-reading-link\" href=\"https:\/\/mto-kr.pl\/en\/2018\/01\/05\/atlas-kontrole-zimowe\/\">Czytaj dalej&#8230;<\/a><\/p>","protected":false},"author":1,"featured_media":205,"comment_status":"closed","ping_status":"open","sticky":false,"template":"","format":"standard","meta":{"_monsterinsights_skip_tracking":false,"footnotes":""},"categories":[4],"tags":[],"class_list":["post-99","post","type-post","status-publish","format-standard","has-post-thumbnail","hentry","category-aktualnosci"],"_links":{"self":[{"href":"https:\/\/mto-kr.pl\/en\/wp-json\/wp\/v2\/posts\/99","targetHints":{"allow":["GET"]}}],"collection":[{"href":"https:\/\/mto-kr.pl\/en\/wp-json\/wp\/v2\/posts"}],"about":[{"href":"https:\/\/mto-kr.pl\/en\/wp-json\/wp\/v2\/types\/post"}],"author":[{"embeddable":true,"href":"https:\/\/mto-kr.pl\/en\/wp-json\/wp\/v2\/users\/1"}],"replies":[{"embeddable":true,"href":"https:\/\/mto-kr.pl\/en\/wp-json\/wp\/v2\/comments?post=99"}],"version-history":[{"count":9,"href":"https:\/\/mto-kr.pl\/en\/wp-json\/wp\/v2\/posts\/99\/revisions"}],"predecessor-version":[{"id":213,"href":"https:\/\/mto-kr.pl\/en\/wp-json\/wp\/v2\/posts\/99\/revisions\/213"}],"wp:featuredmedia":[{"embeddable":true,"href":"https:\/\/mto-kr.pl\/en\/wp-json\/wp\/v2\/media\/205"}],"wp:attachment":[{"href":"https:\/\/mto-kr.pl\/en\/wp-json\/wp\/v2\/media?parent=99"}],"wp:term":[{"taxonomy":"category","embeddable":true,"href":"https:\/\/mto-kr.pl\/en\/wp-json\/wp\/v2\/categories?post=99"},{"taxonomy":"post_tag","embeddable":true,"href":"https:\/\/mto-kr.pl\/en\/wp-json\/wp\/v2\/tags?post=99"}],"curies":[{"name":"wp","href":"https:\/\/api.w.org\/{rel}","templated":true}]}}